{"id":26494,"date":"2026-09-01T12:32:23","date_gmt":"2026-09-01T10:32:23","guid":{"rendered":"https:\/\/rootsandcook.com\/?p=26494"},"modified":"2026-09-01T12:32:30","modified_gmt":"2026-09-01T10:32:30","slug":"6-saleros-que-me-gustan-y-que-tendria-en-mi-cocina","status":"publish","type":"post","link":"https:\/\/rootsandcook.com\/es\/6-saleros-que-me-gustan-y-que-tendria-en-mi-cocina\/","title":{"rendered":"6 saleros que me gustan y que tendr\u00eda en mi cocina"},"content":{"rendered":"\n<div class=\"wp-block-group has-global-padding is-layout-constrained wp-block-group-is-layout-constrained\">\n<p class=\"wp-block-paragraph\">Y con esto me refiero a los saleros grandes para cocinar. Sobre los peque\u00f1os salero-pimentero de mesa har\u00e9 otro v\u00eddeo, porque ah\u00ed hay otro mundo.<\/p>\n\n\n\n<div class=\"wp-block-group has-global-padding is-layout-constrained wp-block-group-is-layout-constrained\">\n<p class=\"wp-block-paragraph\">Vamos con los modelos que est\u00e1n abiertos y en los que coges directamente la sal con los dedos:<\/p>\n\n\n\n<p class=\"wp-block-paragraph\">Este post contiene links afiliados.<\/p>\n\n\n\n<div class=\"wp-block-columns is-layout-flex wp-container-core-columns-is-layout-0e47273b wp-block-columns-is-layout-flex\">\n<div class=\"wp-block-column is-layout-flow wp-block-column-is-layout-flow\">\n<figure class=\"wp-block-image size-full is-resized has-lightbox\"><a href=\"https:\/\/amzn.to\/4clKtpk\" target=\"_blank\" rel=\" noreferrer noopener\"><img loading=\"lazy\" decoding=\"async\" width=\"569\" height=\"824\" src=\"https:\/\/rootsandcook.com\/wp-content\/uploads\/2026\/08\/Emile-Henry-.jpg\" alt=\"\" class=\"wp-image-26497\" style=\"aspect-ratio:0.6905492054641762;width:151px;height:auto\" srcset=\"https:\/\/rootsandcook.com\/wp-content\/uploads\/2026\/08\/Emile-Henry-.jpg 569w, https:\/\/rootsandcook.com\/wp-content\/uploads\/2026\/08\/Emile-Henry--207x300.jpg 207w\" sizes=\"auto, (max-width: 569px) 100vw, 569px\" \/><\/a><figcaption class=\"wp-element-caption\"><strong>Emile Henry<\/strong><\/figcaption><\/figure>\n<\/div>\n\n\n\n<div class=\"wp-block-column is-layout-flow wp-block-column-is-layout-flow\">\n<figure class=\"wp-block-image size-full is-resized has-lightbox\"><a href=\"https:\/\/amzn.to\/4clKtpk\" target=\"_blank\" rel=\" noreferrer noopener\"><img loading=\"lazy\" decoding=\"async\" width=\"569\" height=\"824\" src=\"https:\/\/rootsandcook.com\/wp-content\/uploads\/2026\/08\/Emile-Henry-rojo.jpg\" alt=\"\" class=\"wp-image-26499\" style=\"aspect-ratio:0.6905374012699396;width:148px;height:auto\" srcset=\"https:\/\/rootsandcook.com\/wp-content\/uploads\/2026\/08\/Emile-Henry-rojo.jpg 569w, https:\/\/rootsandcook.com\/wp-content\/uploads\/2026\/08\/Emile-Henry-rojo-207x300.jpg 207w\" sizes=\"auto, (max-width: 569px) 100vw, 569px\" \/><\/a><figcaption class=\"wp-element-caption\"><strong>Emile Henry<\/strong><\/figcaption><\/figure>\n<\/div>\n\n\n\n<div class=\"wp-block-column is-layout-flow wp-block-column-is-layout-flow\">\n<figure class=\"wp-block-image size-large is-resized has-lightbox\"><a href=\"https:\/\/amzn.to\/4cgh287\" target=\"_blank\" rel=\" noreferrer noopener\"><img loading=\"lazy\" decoding=\"async\" width=\"743\" height=\"1024\" src=\"https:\/\/rootsandcook.com\/wp-content\/uploads\/2026\/08\/lecresuet-743x1024.jpg\" alt=\"\" class=\"wp-image-26501\" style=\"aspect-ratio:0.7260144597147138;width:171px;height:auto\" srcset=\"https:\/\/rootsandcook.com\/wp-content\/uploads\/2026\/08\/lecresuet-743x1024.jpg 743w, https:\/\/rootsandcook.com\/wp-content\/uploads\/2026\/08\/lecresuet-218x300.jpg 218w, https:\/\/rootsandcook.com\/wp-content\/uploads\/2026\/08\/lecresuet-768x1058.jpg 768w, https:\/\/rootsandcook.com\/wp-content\/uploads\/2026\/08\/lecresuet-750x1033.jpg 750w, https:\/\/rootsandcook.com\/wp-content\/uploads\/2026\/08\/lecresuet-600x826.jpg 600w, https:\/\/rootsandcook.com\/wp-content\/uploads\/2026\/08\/lecresuet.jpg 1089w\" sizes=\"auto, (max-width: 743px) 100vw, 743px\" \/><\/a><figcaption class=\"wp-element-caption\"><strong>LeCreuset<\/strong><\/figcaption><\/figure>\n<\/div>\n<\/div>\n\n\n\n<div class=\"wp-block-columns is-layout-flex wp-container-core-columns-is-layout-0e47273b wp-block-columns-is-layout-flex\">\n<div class=\"wp-block-column is-layout-flow wp-block-column-is-layout-flow\">\n<figure class=\"wp-block-image size-large is-resized has-lightbox\"><a href=\"https:\/\/amzn.to\/4zNmxFs\" target=\"_blank\" rel=\" noreferrer noopener\"><img loading=\"lazy\" decoding=\"async\" width=\"1024\" height=\"671\" src=\"https:\/\/rootsandcook.com\/wp-content\/uploads\/2026\/08\/Emile-Henry-tapa-1-1024x671.jpg\" alt=\"\" class=\"wp-image-26503\" style=\"aspect-ratio:1.5260815991237677;width:306px;height:auto\" srcset=\"https:\/\/rootsandcook.com\/wp-content\/uploads\/2026\/08\/Emile-Henry-tapa-1-1024x671.jpg 1024w, https:\/\/rootsandcook.com\/wp-content\/uploads\/2026\/08\/Emile-Henry-tapa-1-300x197.jpg 300w, https:\/\/rootsandcook.com\/wp-content\/uploads\/2026\/08\/Emile-Henry-tapa-1-768x503.jpg 768w, https:\/\/rootsandcook.com\/wp-content\/uploads\/2026\/08\/Emile-Henry-tapa-1-750x492.jpg 750w, https:\/\/rootsandcook.com\/wp-content\/uploads\/2026\/08\/Emile-Henry-tapa-1-600x393.jpg 600w, https:\/\/rootsandcook.com\/wp-content\/uploads\/2026\/08\/Emile-Henry-tapa-1.jpg 1321w\" sizes=\"auto, (max-width: 1024px) 100vw, 1024px\" \/><\/a><figcaption class=\"wp-element-caption\"><strong>Emile Henry<\/strong><\/figcaption><\/figure>\n<\/div>\n\n\n\n<div class=\"wp-block-column is-layout-flow wp-block-column-is-layout-flow\">\n<figure class=\"wp-block-image size-large is-resized has-lightbox\"><a href=\"https:\/\/amzn.to\/4xuuVYT\" target=\"_blank\" rel=\" noreferrer noopener\"><img loading=\"lazy\" decoding=\"async\" width=\"892\" height=\"1024\" src=\"https:\/\/rootsandcook.com\/wp-content\/uploads\/2026\/08\/MARBLOUS-KRAFTS-Marmol--892x1024.jpg\" alt=\"\" class=\"wp-image-26505\" style=\"aspect-ratio:0.8710975657406322;width:193px;height:auto\" srcset=\"https:\/\/rootsandcook.com\/wp-content\/uploads\/2026\/08\/MARBLOUS-KRAFTS-Marmol--892x1024.jpg 892w, https:\/\/rootsandcook.com\/wp-content\/uploads\/2026\/08\/MARBLOUS-KRAFTS-Marmol--261x300.jpg 261w, https:\/\/rootsandcook.com\/wp-content\/uploads\/2026\/08\/MARBLOUS-KRAFTS-Marmol--768x881.jpg 768w, https:\/\/rootsandcook.com\/wp-content\/uploads\/2026\/08\/MARBLOUS-KRAFTS-Marmol--750x861.jpg 750w, https:\/\/rootsandcook.com\/wp-content\/uploads\/2026\/08\/MARBLOUS-KRAFTS-Marmol--600x688.jpg 600w, https:\/\/rootsandcook.com\/wp-content\/uploads\/2026\/08\/MARBLOUS-KRAFTS-Marmol-.jpg 1241w\" sizes=\"auto, (max-width: 892px) 100vw, 892px\" \/><\/a><figcaption class=\"wp-element-caption\"><strong>M\u00e1rmo<\/strong><\/figcaption><\/figure>\n<\/div>\n\n\n\n<div class=\"wp-block-column is-layout-flow wp-block-column-is-layout-flow\">\n<figure class=\"wp-block-image size-large is-resized has-lightbox\"><a href=\"https:\/\/zerojapan.eu\/collections\/kitchen\/products\/salt-box-classic\" target=\"_blank\" rel=\" noreferrer noopener\"><img loading=\"lazy\" decoding=\"async\" width=\"1024\" height=\"956\" src=\"https:\/\/rootsandcook.com\/wp-content\/uploads\/2026\/08\/zero-japan-1-1024x956.webp\" alt=\"\" class=\"wp-image-26507\" style=\"aspect-ratio:1.071160868729579;width:267px;height:auto\" srcset=\"https:\/\/rootsandcook.com\/wp-content\/uploads\/2026\/08\/zero-japan-1-1024x956.webp 1024w, https:\/\/rootsandcook.com\/wp-content\/uploads\/2026\/08\/zero-japan-1-300x280.webp 300w, https:\/\/rootsandcook.com\/wp-content\/uploads\/2026\/08\/zero-japan-1-768x717.webp 768w, https:\/\/rootsandcook.com\/wp-content\/uploads\/2026\/08\/zero-japan-1-1536x1434.webp 1536w, https:\/\/rootsandcook.com\/wp-content\/uploads\/2026\/08\/zero-japan-1-750x700.webp 750w, https:\/\/rootsandcook.com\/wp-content\/uploads\/2026\/08\/zero-japan-1-600x560.webp 600w, https:\/\/rootsandcook.com\/wp-content\/uploads\/2026\/08\/zero-japan-1.webp 1800w\" sizes=\"auto, (max-width: 1024px) 100vw, 1024px\" \/><\/a><figcaption class=\"wp-element-caption\"><strong>ZERO Japan<\/strong><\/figcaption><\/figure>\n<\/div>\n<\/div>\n\n\n\n<div class=\"wp-block-columns is-layout-flex wp-container-core-columns-is-layout-0e47273b wp-block-columns-is-layout-flex\">\n<div class=\"wp-block-column is-layout-flow wp-block-column-is-layout-flow\">\n<figure class=\"wp-block-image size-large has-lightbox\"><a href=\"https:\/\/www.nordicnest.es\/marcas\/eva-solo\/cuenco-salero-con-tapa-nordic-kitchen\/?variantId=46520-01\" target=\"_blank\" rel=\" noreferrer noopener\"><img loading=\"lazy\" decoding=\"async\" width=\"1024\" height=\"1024\" src=\"https:\/\/rootsandcook.com\/wp-content\/uploads\/2026\/08\/Tools-Design-para-Eva-Solo-1024x1024.webp\" alt=\"\" class=\"wp-image-26509\" srcset=\"https:\/\/rootsandcook.com\/wp-content\/uploads\/2026\/08\/Tools-Design-para-Eva-Solo-1024x1024.webp 1024w, https:\/\/rootsandcook.com\/wp-content\/uploads\/2026\/08\/Tools-Design-para-Eva-Solo-300x300.webp 300w, https:\/\/rootsandcook.com\/wp-content\/uploads\/2026\/08\/Tools-Design-para-Eva-Solo-150x150.webp 150w, https:\/\/rootsandcook.com\/wp-content\/uploads\/2026\/08\/Tools-Design-para-Eva-Solo-768x768.webp 768w, https:\/\/rootsandcook.com\/wp-content\/uploads\/2026\/08\/Tools-Design-para-Eva-Solo-1536x1536.webp 1536w, https:\/\/rootsandcook.com\/wp-content\/uploads\/2026\/08\/Tools-Design-para-Eva-Solo-2048x2048.webp 2048w, https:\/\/rootsandcook.com\/wp-content\/uploads\/2026\/08\/Tools-Design-para-Eva-Solo-530x530.webp 530w, https:\/\/rootsandcook.com\/wp-content\/uploads\/2026\/08\/Tools-Design-para-Eva-Solo-750x750.webp 750w, https:\/\/rootsandcook.com\/wp-content\/uploads\/2026\/08\/Tools-Design-para-Eva-Solo-500x500.webp 500w, https:\/\/rootsandcook.com\/wp-content\/uploads\/2026\/08\/Tools-Design-para-Eva-Solo-360x360.webp 360w, https:\/\/rootsandcook.com\/wp-content\/uploads\/2026\/08\/Tools-Design-para-Eva-Solo-100x100.webp 100w, https:\/\/rootsandcook.com\/wp-content\/uploads\/2026\/08\/Tools-Design-para-Eva-Solo-600x600.webp 600w\" sizes=\"auto, (max-width: 1024px) 100vw, 1024px\" \/><\/a><figcaption class=\"wp-element-caption\"><a href=\"https:\/\/www.nordicnest.es\/disenadores\/tools-design\/\">Tools Design<\/a>\u00a0para<a href=\"https:\/\/www.nordicnest.es\/marcas\/eva-solo\/\">Eva Solo<\/a><\/figcaption><\/figure>\n<\/div>\n\n\n\n<div class=\"wp-block-column is-layout-flow wp-block-column-is-layout-flow\">\n<figure class=\"wp-block-image size-large has-lightbox\"><a href=\"https:\/\/www.nordicnest.es\/marcas\/eva-solo\/salero-con-cuchara-eva-trio-legio-nova\/?variantId=36221-01\" target=\"_blank\" rel=\" noreferrer noopener\"><img loading=\"lazy\" decoding=\"async\" width=\"1024\" height=\"1024\" src=\"https:\/\/rootsandcook.com\/wp-content\/uploads\/2026\/08\/Eva-Solo-1024x1024.webp\" alt=\"\" class=\"wp-image-26511\" srcset=\"https:\/\/rootsandcook.com\/wp-content\/uploads\/2026\/08\/Eva-Solo-1024x1024.webp 1024w, https:\/\/rootsandcook.com\/wp-content\/uploads\/2026\/08\/Eva-Solo-300x300.webp 300w, https:\/\/rootsandcook.com\/wp-content\/uploads\/2026\/08\/Eva-Solo-150x150.webp 150w, https:\/\/rootsandcook.com\/wp-content\/uploads\/2026\/08\/Eva-Solo-768x768.webp 768w, https:\/\/rootsandcook.com\/wp-content\/uploads\/2026\/08\/Eva-Solo-1536x1536.webp 1536w, https:\/\/rootsandcook.com\/wp-content\/uploads\/2026\/08\/Eva-Solo-2048x2048.webp 2048w, https:\/\/rootsandcook.com\/wp-content\/uploads\/2026\/08\/Eva-Solo-530x530.webp 530w, https:\/\/rootsandcook.com\/wp-content\/uploads\/2026\/08\/Eva-Solo-750x750.webp 750w, https:\/\/rootsandcook.com\/wp-content\/uploads\/2026\/08\/Eva-Solo-500x500.webp 500w, https:\/\/rootsandcook.com\/wp-content\/uploads\/2026\/08\/Eva-Solo-360x360.webp 360w, https:\/\/rootsandcook.com\/wp-content\/uploads\/2026\/08\/Eva-Solo-100x100.webp 100w, https:\/\/rootsandcook.com\/wp-content\/uploads\/2026\/08\/Eva-Solo-600x600.webp 600w\" sizes=\"auto, (max-width: 1024px) 100vw, 1024px\" \/><\/a><figcaption class=\"wp-element-caption\"><a href=\"https:\/\/www.nordicnest.es\/marcas\/eva-solo\/\">Eva Solo<\/a><\/figcaption><\/figure>\n<\/div>\n\n\n\n<div class=\"wp-block-column is-layout-flow wp-block-column-is-layout-flow\">\n<figure class=\"wp-block-image size-large has-lightbox\"><a href=\"https:\/\/www.nordicnest.es\/marcas\/rosendahl-copenhagen\/salero-con-tapa-ra-15-cl\/?variantId=500807-01\" target=\"_blank\" rel=\" noreferrer noopener\"><img loading=\"lazy\" decoding=\"async\" width=\"1024\" height=\"1024\" src=\"https:\/\/rootsandcook.com\/wp-content\/uploads\/2026\/08\/Jesper-Vollmer-1024x1024.webp\" alt=\"\" class=\"wp-image-26513\" srcset=\"https:\/\/rootsandcook.com\/wp-content\/uploads\/2026\/08\/Jesper-Vollmer-1024x1024.webp 1024w, https:\/\/rootsandcook.com\/wp-content\/uploads\/2026\/08\/Jesper-Vollmer-300x300.webp 300w, https:\/\/rootsandcook.com\/wp-content\/uploads\/2026\/08\/Jesper-Vollmer-150x150.webp 150w, https:\/\/rootsandcook.com\/wp-content\/uploads\/2026\/08\/Jesper-Vollmer-768x768.webp 768w, https:\/\/rootsandcook.com\/wp-content\/uploads\/2026\/08\/Jesper-Vollmer-1536x1536.webp 1536w, https:\/\/rootsandcook.com\/wp-content\/uploads\/2026\/08\/Jesper-Vollmer-2048x2048.webp 2048w, https:\/\/rootsandcook.com\/wp-content\/uploads\/2026\/08\/Jesper-Vollmer-530x530.webp 530w, https:\/\/rootsandcook.com\/wp-content\/uploads\/2026\/08\/Jesper-Vollmer-750x750.webp 750w, https:\/\/rootsandcook.com\/wp-content\/uploads\/2026\/08\/Jesper-Vollmer-500x500.webp 500w, https:\/\/rootsandcook.com\/wp-content\/uploads\/2026\/08\/Jesper-Vollmer-360x360.webp 360w, https:\/\/rootsandcook.com\/wp-content\/uploads\/2026\/08\/Jesper-Vollmer-100x100.webp 100w, https:\/\/rootsandcook.com\/wp-content\/uploads\/2026\/08\/Jesper-Vollmer-600x600.webp 600w\" sizes=\"auto, (max-width: 1024px) 100vw, 1024px\" \/><\/a><figcaption class=\"wp-element-caption\"><strong><a href=\"https:\/\/www.nordicnest.es\/buscar\/?designers=Jesper+Vollmer&amp;onlyproducts=true\">Jesper Vollmer<\/a>\u00a0para<a href=\"https:\/\/www.nordicnest.es\/marcas\/rosendahl-copenhagen\/\">Rosendahl<\/a><\/strong><\/figcaption><\/figure>\n<\/div>\n<\/div>\n\n\n\n<hr class=\"wp-block-coblocks-dynamic-separator\" style=\"height:50px\"\/>\n\n\n\n<p class=\"wp-block-paragraph\"><\/p>\n<\/div>\n<\/div>\n","protected":false},"excerpt":{"rendered":"<p>6 saleros que me gustan y que tendr\u00eda en mi cocina.<\/p>\n","protected":false},"author":1,"featured_media":26495,"comment_status":"open","ping_status":"open","sticky":false,"template":"","format":"standard","meta":{"_coblocks_attr":"","_coblocks_dimensions":"","_coblocks_responsive_height":"","_coblocks_accordion_ie_support":"","_crdt_document":"","_jetpack_memberships_contains_paid_content":false,"footnotes":""},"categories":[407],"tags":[2339],"class_list":["post-26494","post","type-post","status-publish","format-standard","has-post-thumbnail","hentry","category-recomendaciones","tag-saleros"],"yoast_head":"<!-- This site is optimized with the Yoast SEO plugin v28.1 - https:\/\/yoast.com\/product\/yoast-seo-wordpress\/ -->\n<title>6 saleros que me gustan y que tendr\u00eda en mi cocina - RootsandCook<\/title>\n<meta name=\"robots\" content=\"index, follow, max-snippet:-1, max-image-preview:large, max-video-preview:-1\" \/>\n<link rel=\"canonical\" href=\"https:\/\/rootsandcook.com\/es\/6-saleros-que-me-gustan-y-que-tendria-en-mi-cocina\/\" \/>\n<meta property=\"og:locale\" content=\"es_ES\" \/>\n<meta property=\"og:type\" content=\"article\" \/>\n<meta property=\"og:title\" content=\"6 saleros que me gustan y que tendr\u00eda en mi cocina - RootsandCook\" \/>\n<meta property=\"og:description\" content=\"6 saleros que me gustan y que tendr\u00eda en mi cocina.\" \/>\n<meta property=\"og:url\" content=\"https:\/\/rootsandcook.com\/es\/6-saleros-que-me-gustan-y-que-tendria-en-mi-cocina\/\" \/>\n<meta property=\"og:site_name\" content=\"RootsandCook\" \/>\n<meta property=\"article:publisher\" content=\"https:\/\/www.facebook.com\/rootsandcook\/\" \/>\n<meta property=\"article:author\" content=\"https:\/\/www.facebook.com\/rootsandcook\/\" \/>\n<meta property=\"article:published_time\" content=\"2026-09-01T10:32:23+00:00\" \/>\n<meta property=\"article:modified_time\" content=\"2026-09-01T10:32:30+00:00\" \/>\n<meta property=\"og:image\" content=\"https:\/\/rootsandcook.com\/wp-content\/uploads\/2026\/08\/6-saleros-que-me-gustan-scaled.jpg\" \/>\n\t<meta property=\"og:image:width\" content=\"1440\" \/>\n\t<meta property=\"og:image:height\" content=\"2560\" \/>\n\t<meta property=\"og:image:type\" content=\"image\/jpeg\" \/>\n<meta name=\"author\" content=\"Enara Parra\" \/>\n<meta name=\"twitter:card\" content=\"summary_large_image\" \/>\n<script type=\"application\/ld+json\" class=\"yoast-schema-graph\">{\"@context\":\"https:\\\/\\\/schema.org\",\"@graph\":[{\"@type\":\"Article\",\"@id\":\"https:\\\/\\\/rootsandcook.com\\\/es\\\/6-saleros-que-me-gustan-y-que-tendria-en-mi-cocina\\\/#article\",\"isPartOf\":{\"@id\":\"https:\\\/\\\/rootsandcook.com\\\/es\\\/6-saleros-que-me-gustan-y-que-tendria-en-mi-cocina\\\/\"},\"author\":{\"name\":\"Enara Parra\",\"@id\":\"https:\\\/\\\/rootsandcook.com\\\/es\\\/#\\\/schema\\\/person\\\/18f44a39b0ae9be87eaea6e475f55041\"},\"headline\":\"6 saleros que me gustan y que tendr\u00eda en mi cocina\",\"datePublished\":\"2026-09-01T10:32:23+00:00\",\"dateModified\":\"2026-09-01T10:32:30+00:00\",\"mainEntityOfPage\":{\"@id\":\"https:\\\/\\\/rootsandcook.com\\\/es\\\/6-saleros-que-me-gustan-y-que-tendria-en-mi-cocina\\\/\"},\"wordCount\":82,\"commentCount\":0,\"publisher\":{\"@id\":\"https:\\\/\\\/rootsandcook.com\\\/es\\\/#\\\/schema\\\/person\\\/18f44a39b0ae9be87eaea6e475f55041\"},\"image\":{\"@id\":\"https:\\\/\\\/rootsandcook.com\\\/es\\\/6-saleros-que-me-gustan-y-que-tendria-en-mi-cocina\\\/#primaryimage\"},\"thumbnailUrl\":\"https:\\\/\\\/rootsandcook.com\\\/wp-content\\\/uploads\\\/2026\\\/08\\\/6-saleros-que-me-gustan-scaled.jpg\",\"keywords\":[\"saleros\"],\"articleSection\":[\"Recomendaciones\"],\"inLanguage\":\"es-ES\",\"potentialAction\":[{\"@type\":\"CommentAction\",\"name\":\"Comment\",\"target\":[\"https:\\\/\\\/rootsandcook.com\\\/es\\\/6-saleros-que-me-gustan-y-que-tendria-en-mi-cocina\\\/#respond\"]}]},{\"@type\":\"WebPage\",\"@id\":\"https:\\\/\\\/rootsandcook.com\\\/es\\\/6-saleros-que-me-gustan-y-que-tendria-en-mi-cocina\\\/\",\"url\":\"https:\\\/\\\/rootsandcook.com\\\/es\\\/6-saleros-que-me-gustan-y-que-tendria-en-mi-cocina\\\/\",\"name\":\"6 saleros que me gustan y que tendr\u00eda en mi cocina - RootsandCook\",\"isPartOf\":{\"@id\":\"https:\\\/\\\/rootsandcook.com\\\/es\\\/#website\"},\"primaryImageOfPage\":{\"@id\":\"https:\\\/\\\/rootsandcook.com\\\/es\\\/6-saleros-que-me-gustan-y-que-tendria-en-mi-cocina\\\/#primaryimage\"},\"image\":{\"@id\":\"https:\\\/\\\/rootsandcook.com\\\/es\\\/6-saleros-que-me-gustan-y-que-tendria-en-mi-cocina\\\/#primaryimage\"},\"thumbnailUrl\":\"https:\\\/\\\/rootsandcook.com\\\/wp-content\\\/uploads\\\/2026\\\/08\\\/6-saleros-que-me-gustan-scaled.jpg\",\"datePublished\":\"2026-09-01T10:32:23+00:00\",\"dateModified\":\"2026-09-01T10:32:30+00:00\",\"breadcrumb\":{\"@id\":\"https:\\\/\\\/rootsandcook.com\\\/es\\\/6-saleros-que-me-gustan-y-que-tendria-en-mi-cocina\\\/#breadcrumb\"},\"inLanguage\":\"es-ES\",\"potentialAction\":[{\"@type\":\"ReadAction\",\"target\":[\"https:\\\/\\\/rootsandcook.com\\\/es\\\/6-saleros-que-me-gustan-y-que-tendria-en-mi-cocina\\\/\"]}]},{\"@type\":\"ImageObject\",\"inLanguage\":\"es-ES\",\"@id\":\"https:\\\/\\\/rootsandcook.com\\\/es\\\/6-saleros-que-me-gustan-y-que-tendria-en-mi-cocina\\\/#primaryimage\",\"url\":\"https:\\\/\\\/rootsandcook.com\\\/wp-content\\\/uploads\\\/2026\\\/08\\\/6-saleros-que-me-gustan-scaled.jpg\",\"contentUrl\":\"https:\\\/\\\/rootsandcook.com\\\/wp-content\\\/uploads\\\/2026\\\/08\\\/6-saleros-que-me-gustan-scaled.jpg\",\"width\":1440,\"height\":2560},{\"@type\":\"BreadcrumbList\",\"@id\":\"https:\\\/\\\/rootsandcook.com\\\/es\\\/6-saleros-que-me-gustan-y-que-tendria-en-mi-cocina\\\/#breadcrumb\",\"itemListElement\":[{\"@type\":\"ListItem\",\"position\":1,\"name\":\"Home\",\"item\":\"https:\\\/\\\/rootsandcook.com\\\/es\\\/\"},{\"@type\":\"ListItem\",\"position\":2,\"name\":\"6 saleros que me gustan y que tendr\u00eda en mi cocina\"}]},{\"@type\":\"WebSite\",\"@id\":\"https:\\\/\\\/rootsandcook.com\\\/es\\\/#website\",\"url\":\"https:\\\/\\\/rootsandcook.com\\\/es\\\/\",\"name\":\"RootsandCook\",\"description\":\"Fresh seasonal recipes and more\",\"publisher\":{\"@id\":\"https:\\\/\\\/rootsandcook.com\\\/es\\\/#\\\/schema\\\/person\\\/18f44a39b0ae9be87eaea6e475f55041\"},\"potentialAction\":[{\"@type\":\"SearchAction\",\"target\":{\"@type\":\"EntryPoint\",\"urlTemplate\":\"https:\\\/\\\/rootsandcook.com\\\/es\\\/?s={search_term_string}\"},\"query-input\":{\"@type\":\"PropertyValueSpecification\",\"valueRequired\":true,\"valueName\":\"search_term_string\"}}],\"inLanguage\":\"es-ES\"},{\"@type\":[\"Person\",\"Organization\"],\"@id\":\"https:\\\/\\\/rootsandcook.com\\\/es\\\/#\\\/schema\\\/person\\\/18f44a39b0ae9be87eaea6e475f55041\",\"name\":\"Enara Parra\",\"image\":{\"@type\":\"ImageObject\",\"inLanguage\":\"es-ES\",\"@id\":\"https:\\\/\\\/rootsandcook.com\\\/wp-content\\\/uploads\\\/2022\\\/04\\\/cropped-rootsandcook-main-web-logo.png\",\"url\":\"https:\\\/\\\/rootsandcook.com\\\/wp-content\\\/uploads\\\/2022\\\/04\\\/cropped-rootsandcook-main-web-logo.png\",\"contentUrl\":\"https:\\\/\\\/rootsandcook.com\\\/wp-content\\\/uploads\\\/2022\\\/04\\\/cropped-rootsandcook-main-web-logo.png\",\"width\":907,\"height\":209,\"caption\":\"Enara Parra\"},\"logo\":{\"@id\":\"https:\\\/\\\/rootsandcook.com\\\/wp-content\\\/uploads\\\/2022\\\/04\\\/cropped-rootsandcook-main-web-logo.png\"},\"sameAs\":[\"https:\\\/\\\/rootsandcook.com\",\"https:\\\/\\\/www.facebook.com\\\/rootsandcook\\\/\",\"https:\\\/\\\/www.instagram.com\\\/rootsandcook\\\/\",\"https:\\\/\\\/www.pinterest.com\\\/rootsandcook\\\/\",\"https:\\\/\\\/www.youtube.com\\\/rootsandcook\"]}]}<\/script>\n<!-- \/ Yoast SEO plugin. -->","yoast_head_json":{"title":"6 saleros que me gustan y que tendr\u00eda en mi cocina - RootsandCook","robots":{"index":"index","follow":"follow","max-snippet":"max-snippet:-1","max-image-preview":"max-image-preview:large","max-video-preview":"max-video-preview:-1"},"canonical":"https:\/\/rootsandcook.com\/es\/6-saleros-que-me-gustan-y-que-tendria-en-mi-cocina\/","og_locale":"es_ES","og_type":"article","og_title":"6 saleros que me gustan y que tendr\u00eda en mi cocina - RootsandCook","og_description":"6 saleros que me gustan y que tendr\u00eda en mi cocina.","og_url":"https:\/\/rootsandcook.com\/es\/6-saleros-que-me-gustan-y-que-tendria-en-mi-cocina\/","og_site_name":"RootsandCook","article_publisher":"https:\/\/www.facebook.com\/rootsandcook\/","article_author":"https:\/\/www.facebook.com\/rootsandcook\/","article_published_time":"2026-09-01T10:32:23+00:00","article_modified_time":"2026-09-01T10:32:30+00:00","og_image":[{"width":1440,"height":2560,"url":"https:\/\/rootsandcook.com\/wp-content\/uploads\/2026\/08\/6-saleros-que-me-gustan-scaled.jpg","type":"image\/jpeg"}],"author":"Enara Parra","twitter_card":"summary_large_image","schema":{"@context":"https:\/\/schema.org","@graph":[{"@type":"Article","@id":"https:\/\/rootsandcook.com\/es\/6-saleros-que-me-gustan-y-que-tendria-en-mi-cocina\/#article","isPartOf":{"@id":"https:\/\/rootsandcook.com\/es\/6-saleros-que-me-gustan-y-que-tendria-en-mi-cocina\/"},"author":{"name":"Enara Parra","@id":"https:\/\/rootsandcook.com\/es\/#\/schema\/person\/18f44a39b0ae9be87eaea6e475f55041"},"headline":"6 saleros que me gustan y que tendr\u00eda en mi cocina","datePublished":"2026-09-01T10:32:23+00:00","dateModified":"2026-09-01T10:32:30+00:00","mainEntityOfPage":{"@id":"https:\/\/rootsandcook.com\/es\/6-saleros-que-me-gustan-y-que-tendria-en-mi-cocina\/"},"wordCount":82,"commentCount":0,"publisher":{"@id":"https:\/\/rootsandcook.com\/es\/#\/schema\/person\/18f44a39b0ae9be87eaea6e475f55041"},"image":{"@id":"https:\/\/rootsandcook.com\/es\/6-saleros-que-me-gustan-y-que-tendria-en-mi-cocina\/#primaryimage"},"thumbnailUrl":"https:\/\/rootsandcook.com\/wp-content\/uploads\/2026\/08\/6-saleros-que-me-gustan-scaled.jpg","keywords":["saleros"],"articleSection":["Recomendaciones"],"inLanguage":"es-ES","potentialAction":[{"@type":"CommentAction","name":"Comment","target":["https:\/\/rootsandcook.com\/es\/6-saleros-que-me-gustan-y-que-tendria-en-mi-cocina\/#respond"]}]},{"@type":"WebPage","@id":"https:\/\/rootsandcook.com\/es\/6-saleros-que-me-gustan-y-que-tendria-en-mi-cocina\/","url":"https:\/\/rootsandcook.com\/es\/6-saleros-que-me-gustan-y-que-tendria-en-mi-cocina\/","name":"6 saleros que me gustan y que tendr\u00eda en mi cocina - RootsandCook","isPartOf":{"@id":"https:\/\/rootsandcook.com\/es\/#website"},"primaryImageOfPage":{"@id":"https:\/\/rootsandcook.com\/es\/6-saleros-que-me-gustan-y-que-tendria-en-mi-cocina\/#primaryimage"},"image":{"@id":"https:\/\/rootsandcook.com\/es\/6-saleros-que-me-gustan-y-que-tendria-en-mi-cocina\/#primaryimage"},"thumbnailUrl":"https:\/\/rootsandcook.com\/wp-content\/uploads\/2026\/08\/6-saleros-que-me-gustan-scaled.jpg","datePublished":"2026-09-01T10:32:23+00:00","dateModified":"2026-09-01T10:32:30+00:00","breadcrumb":{"@id":"https:\/\/rootsandcook.com\/es\/6-saleros-que-me-gustan-y-que-tendria-en-mi-cocina\/#breadcrumb"},"inLanguage":"es-ES","potentialAction":[{"@type":"ReadAction","target":["https:\/\/rootsandcook.com\/es\/6-saleros-que-me-gustan-y-que-tendria-en-mi-cocina\/"]}]},{"@type":"ImageObject","inLanguage":"es-ES","@id":"https:\/\/rootsandcook.com\/es\/6-saleros-que-me-gustan-y-que-tendria-en-mi-cocina\/#primaryimage","url":"https:\/\/rootsandcook.com\/wp-content\/uploads\/2026\/08\/6-saleros-que-me-gustan-scaled.jpg","contentUrl":"https:\/\/rootsandcook.com\/wp-content\/uploads\/2026\/08\/6-saleros-que-me-gustan-scaled.jpg","width":1440,"height":2560},{"@type":"BreadcrumbList","@id":"https:\/\/rootsandcook.com\/es\/6-saleros-que-me-gustan-y-que-tendria-en-mi-cocina\/#breadcrumb","itemListElement":[{"@type":"ListItem","position":1,"name":"Home","item":"https:\/\/rootsandcook.com\/es\/"},{"@type":"ListItem","position":2,"name":"6 saleros que me gustan y que tendr\u00eda en mi cocina"}]},{"@type":"WebSite","@id":"https:\/\/rootsandcook.com\/es\/#website","url":"https:\/\/rootsandcook.com\/es\/","name":"RootsandCook","description":"Fresh seasonal recipes and more","publisher":{"@id":"https:\/\/rootsandcook.com\/es\/#\/schema\/person\/18f44a39b0ae9be87eaea6e475f55041"},"potentialAction":[{"@type":"SearchAction","target":{"@type":"EntryPoint","urlTemplate":"https:\/\/rootsandcook.com\/es\/?s={search_term_string}"},"query-input":{"@type":"PropertyValueSpecification","valueRequired":true,"valueName":"search_term_string"}}],"inLanguage":"es-ES"},{"@type":["Person","Organization"],"@id":"https:\/\/rootsandcook.com\/es\/#\/schema\/person\/18f44a39b0ae9be87eaea6e475f55041","name":"Enara Parra","image":{"@type":"ImageObject","inLanguage":"es-ES","@id":"https:\/\/rootsandcook.com\/wp-content\/uploads\/2022\/04\/cropped-rootsandcook-main-web-logo.png","url":"https:\/\/rootsandcook.com\/wp-content\/uploads\/2022\/04\/cropped-rootsandcook-main-web-logo.png","contentUrl":"https:\/\/rootsandcook.com\/wp-content\/uploads\/2022\/04\/cropped-rootsandcook-main-web-logo.png","width":907,"height":209,"caption":"Enara Parra"},"logo":{"@id":"https:\/\/rootsandcook.com\/wp-content\/uploads\/2022\/04\/cropped-rootsandcook-main-web-logo.png"},"sameAs":["https:\/\/rootsandcook.com","https:\/\/www.facebook.com\/rootsandcook\/","https:\/\/www.instagram.com\/rootsandcook\/","https:\/\/www.pinterest.com\/rootsandcook\/","https:\/\/www.youtube.com\/rootsandcook"]}]}},"jetpack_featured_media_url":"https:\/\/rootsandcook.com\/wp-content\/uploads\/2026\/08\/6-saleros-que-me-gustan-scaled.jpg","jetpack-related-posts":[],"jetpack_sharing_enabled":true,"_links":{"self":[{"href":"https:\/\/rootsandcook.com\/es\/wp-json\/wp\/v2\/posts\/26494","targetHints":{"allow":["GET"]}}],"collection":[{"href":"https:\/\/rootsandcook.com\/es\/wp-json\/wp\/v2\/posts"}],"about":[{"href":"https:\/\/rootsandcook.com\/es\/wp-json\/wp\/v2\/types\/post"}],"author":[{"embeddable":true,"href":"https:\/\/rootsandcook.com\/es\/wp-json\/wp\/v2\/users\/1"}],"replies":[{"embeddable":true,"href":"https:\/\/rootsandcook.com\/es\/wp-json\/wp\/v2\/comments?post=26494"}],"version-history":[{"count":1,"href":"https:\/\/rootsandcook.com\/es\/wp-json\/wp\/v2\/posts\/26494\/revisions"}],"predecessor-version":[{"id":26515,"href":"https:\/\/rootsandcook.com\/es\/wp-json\/wp\/v2\/posts\/26494\/revisions\/26515"}],"wp:featuredmedia":[{"embeddable":true,"href":"https:\/\/rootsandcook.com\/es\/wp-json\/wp\/v2\/media\/26495"}],"wp:attachment":[{"href":"https:\/\/rootsandcook.com\/es\/wp-json\/wp\/v2\/media?parent=26494"}],"wp:term":[{"taxonomy":"category","embeddable":true,"href":"https:\/\/rootsandcook.com\/es\/wp-json\/wp\/v2\/categories?post=26494"},{"taxonomy":"post_tag","embeddable":true,"href":"https:\/\/rootsandcook.com\/es\/wp-json\/wp\/v2\/tags?post=26494"}],"curies":[{"name":"wp","href":"https:\/\/api.w.org\/{rel}","templated":true}]}}