{"id":14766,"date":"2022-11-01T07:00:00","date_gmt":"2022-11-01T05:00:00","guid":{"rendered":"https:\/\/rootsandcook.com\/productos-de-temporada-en-noviembre\/"},"modified":"2023-11-06T14:42:55","modified_gmt":"2023-11-06T12:42:55","slug":"productos-de-temporada-en-noviembre","status":"publish","type":"post","link":"https:\/\/rootsandcook.com\/es\/productos-de-temporada-en-noviembre\/","title":{"rendered":"Productos De Temporada En Noviembre"},"content":{"rendered":"\n<p class=\"wp-block-paragraph\">\u00bfQu\u00e9 est\u00e1 de temporada en Noviembre? Productos de temporada en Noviembre, frutas, verduras y pescados.<\/p>\n\n\n\n<p class=\"wp-block-paragraph\">La <strong>lista completa de productos de temporada <\/strong>en noviembre para sacarle el m\u00e1ximo partido. Adem\u00e1s comparto contigo un mont\u00f3n de recetas para que te inspires.<\/p>\n\n\n\n<div class=\"wp-block-columns is-layout-flex wp-container-core-columns-is-layout-0e47273b wp-block-columns-is-layout-flex\">\n<div class=\"wp-block-column is-layout-flow wp-block-column-is-layout-flow\">\n<figure class=\"wp-block-image size-large\"><img loading=\"lazy\" decoding=\"async\" width=\"576\" height=\"1024\" src=\"https:\/\/rootsandcook.com\/wp-content\/uploads\/2022\/10\/november-produce-guide-what-is-in-season-rootsandcook-576x1024.jpg\" alt=\"productos de temporada en noviembre-rootsandcook\" class=\"wp-image-14698\" srcset=\"https:\/\/rootsandcook.com\/wp-content\/uploads\/2022\/10\/november-produce-guide-what-is-in-season-rootsandcook-576x1024.jpg 576w, https:\/\/rootsandcook.com\/wp-content\/uploads\/2022\/10\/november-produce-guide-what-is-in-season-rootsandcook-169x300.jpg 169w, https:\/\/rootsandcook.com\/wp-content\/uploads\/2022\/10\/november-produce-guide-what-is-in-season-rootsandcook-768x1365.jpg 768w, https:\/\/rootsandcook.com\/wp-content\/uploads\/2022\/10\/november-produce-guide-what-is-in-season-rootsandcook-864x1536.jpg 864w, https:\/\/rootsandcook.com\/wp-content\/uploads\/2022\/10\/november-produce-guide-what-is-in-season-rootsandcook-750x1333.jpg 750w, https:\/\/rootsandcook.com\/wp-content\/uploads\/2022\/10\/november-produce-guide-what-is-in-season-rootsandcook-600x1067.jpg 600w, https:\/\/rootsandcook.com\/wp-content\/uploads\/2022\/10\/november-produce-guide-what-is-in-season-rootsandcook.jpg 1080w\" sizes=\"auto, (max-width: 576px) 100vw, 576px\" \/><\/figure>\n<\/div>\n\n\n\n<div class=\"wp-block-column is-layout-flow wp-block-column-is-layout-flow\">\n<figure class=\"wp-block-image size-large\"><img loading=\"lazy\" decoding=\"async\" width=\"724\" height=\"1024\" src=\"https:\/\/rootsandcook.com\/wp-content\/uploads\/2022\/10\/Fish-guide-november-rootsandcook-min-724x1024.jpg\" alt=\"\" class=\"wp-image-14700\" srcset=\"https:\/\/rootsandcook.com\/wp-content\/uploads\/2022\/10\/Fish-guide-november-rootsandcook-min-724x1024.jpg 724w, https:\/\/rootsandcook.com\/wp-content\/uploads\/2022\/10\/Fish-guide-november-rootsandcook-min-212x300.jpg 212w, https:\/\/rootsandcook.com\/wp-content\/uploads\/2022\/10\/Fish-guide-november-rootsandcook-min-768x1086.jpg 768w, https:\/\/rootsandcook.com\/wp-content\/uploads\/2022\/10\/Fish-guide-november-rootsandcook-min-1086x1536.jpg 1086w, https:\/\/rootsandcook.com\/wp-content\/uploads\/2022\/10\/Fish-guide-november-rootsandcook-min-1448x2048.jpg 1448w, https:\/\/rootsandcook.com\/wp-content\/uploads\/2022\/10\/Fish-guide-november-rootsandcook-min-750x1061.jpg 750w, https:\/\/rootsandcook.com\/wp-content\/uploads\/2022\/10\/Fish-guide-november-rootsandcook-min-600x849.jpg 600w, https:\/\/rootsandcook.com\/wp-content\/uploads\/2022\/10\/Fish-guide-november-rootsandcook-min-scaled.jpg 1810w\" sizes=\"auto, (max-width: 724px) 100vw, 724px\" \/><\/figure>\n<\/div>\n<\/div>\n\n\n\n<hr class=\"wp-block-coblocks-dynamic-separator\" style=\"height:50px\"\/>\n\n\n\n<div class=\"wp-block-group is-layout-flow wp-block-group-is-layout-flow\">\n<h2 class=\"wp-block-heading has-background\" style=\"background-color:#c2d3b8\">Producto de temporada en noviembre<\/h2>\n\n\n\n<p class=\"has-white-background-color has-background wp-block-paragraph\">Naranjas, marrones, dorados&#8230; Los mercados se llenan de: <\/p>\n<\/div>\n\n\n\n<ul class=\"wp-block-list\">\n<li>Espinacas<\/li>\n\n\n\n<li>Escarola<\/li>\n\n\n\n<li>Remolacha<\/li>\n\n\n\n<li>Naranja<\/li>\n\n\n\n<li>Hinojo<\/li>\n\n\n\n<li>Kumquat<\/li>\n\n\n\n<li>Calabaza<\/li>\n\n\n\n<li>Chirimoya<\/li>\n\n\n\n<li>Pl\u00e1tano<\/li>\n<\/ul>\n\n\n\n<p class=\"wp-block-paragraph\">\u00bfQuiz\u00e1s necesites ideas de recetas para inspirarte? Deja que te ayude con eso \ud83d\ude42<\/p>\n\n\n\n<hr class=\"wp-block-coblocks-dynamic-separator\" style=\"height:50px\"\/>\n\n\n\n<h2 class=\"wp-block-heading has-background\" style=\"background-color:#c2d3b8\">Productos de temporada en noviembre con inspiraci\u00f3n de recetas<\/h2>\n\n\n\n<h2 class=\"wp-block-heading\">Frutas y verduras:<\/h2>\n\n\n\n<h3 class=\"wp-block-heading\">1. Espinacas<\/h3>\n\n\n\n<div class=\"wp-block-columns is-layout-flex wp-container-core-columns-is-layout-0e47273b wp-block-columns-is-layout-flex\">\n<div class=\"wp-block-column is-layout-flow wp-block-column-is-layout-flow\" style=\"flex-basis:22.22%\">\n<figure class=\"wp-block-image size-large\"><img loading=\"lazy\" decoding=\"async\" width=\"768\" height=\"1024\" src=\"https:\/\/rootsandcook.com\/wp-content\/uploads\/2022\/10\/Spinach_florentine-768x1024.jpg\" alt=\"\" class=\"wp-image-14702\" srcset=\"https:\/\/rootsandcook.com\/wp-content\/uploads\/2022\/10\/Spinach_florentine-768x1024.jpg 768w, https:\/\/rootsandcook.com\/wp-content\/uploads\/2022\/10\/Spinach_florentine-225x300.jpg 225w, https:\/\/rootsandcook.com\/wp-content\/uploads\/2022\/10\/Spinach_florentine-1152x1536.jpg 1152w, https:\/\/rootsandcook.com\/wp-content\/uploads\/2022\/10\/Spinach_florentine-1536x2048.jpg 1536w, https:\/\/rootsandcook.com\/wp-content\/uploads\/2022\/10\/Spinach_florentine-750x1000.jpg 750w, https:\/\/rootsandcook.com\/wp-content\/uploads\/2022\/10\/Spinach_florentine-600x800.jpg 600w, https:\/\/rootsandcook.com\/wp-content\/uploads\/2022\/10\/Spinach_florentine-scaled.jpg 1920w\" sizes=\"auto, (max-width: 768px) 100vw, 768px\" \/><figcaption class=\"wp-element-caption\"><a href=\"https:\/\/rootsandcook.com\/es\/espinacas-a-la-florentina\/\" target=\"_blank\" rel=\"noreferrer noopener\">Espinacas a la florentina<\/a><\/figcaption><\/figure>\n<\/div>\n\n\n\n<div class=\"wp-block-column is-layout-flow wp-block-column-is-layout-flow\" style=\"flex-basis:44.45%\">\n<figure class=\"wp-block-image size-large\"><a href=\"https:\/\/rootsandcook.com\/es\/garbanzos-con-espinacas-olla-lenta\/\" target=\"_blank\" rel=\"noreferrer noopener\"><img loading=\"lazy\" decoding=\"async\" width=\"768\" height=\"1024\" src=\"https:\/\/rootsandcook.com\/wp-content\/uploads\/2021\/01\/slow-cooker-chickpeas-and-spinach-stew-768x1024.jpg\" alt=\"Potaje de garbanzos con espinacas en olla lenta\" class=\"wp-image-5237\" srcset=\"https:\/\/rootsandcook.com\/wp-content\/uploads\/2021\/01\/slow-cooker-chickpeas-and-spinach-stew-768x1024.jpg 768w, https:\/\/rootsandcook.com\/wp-content\/uploads\/2021\/01\/slow-cooker-chickpeas-and-spinach-stew-225x300.jpg 225w, https:\/\/rootsandcook.com\/wp-content\/uploads\/2021\/01\/slow-cooker-chickpeas-and-spinach-stew-750x1000.jpg 750w, https:\/\/rootsandcook.com\/wp-content\/uploads\/2021\/01\/slow-cooker-chickpeas-and-spinach-stew-600x800.jpg 600w, https:\/\/rootsandcook.com\/wp-content\/uploads\/2021\/01\/slow-cooker-chickpeas-and-spinach-stew.jpg 800w\" sizes=\"auto, (max-width: 768px) 100vw, 768px\" \/><\/a><figcaption class=\"wp-element-caption\"><a href=\"https:\/\/rootsandcook.com\/es\/garbanzos-con-espinacas-olla-lenta\/\" target=\"_blank\" rel=\"noreferrer noopener\">Potaje de garbanzos con espinacas en olla lenta<\/a><\/figcaption><\/figure>\n<\/div>\n\n\n\n<div class=\"wp-block-column is-layout-flow wp-block-column-is-layout-flow\" style=\"flex-basis:33.33%\">\n<figure class=\"wp-block-image size-large\"><a href=\"https:\/\/rootsandcook.com\/es\/ensalada-de-caqui-y-espinacas\/\" target=\"_blank\" rel=\"noreferrer noopener\"><img loading=\"lazy\" decoding=\"async\" width=\"1024\" height=\"1024\" src=\"https:\/\/rootsandcook.com\/wp-content\/uploads\/2021\/12\/winter-persimmon-salad-2-min-1024x1024.jpg\" alt=\"\" class=\"wp-image-8748\" srcset=\"https:\/\/rootsandcook.com\/wp-content\/uploads\/2021\/12\/winter-persimmon-salad-2-min-1024x1024.jpg 1024w, https:\/\/rootsandcook.com\/wp-content\/uploads\/2021\/12\/winter-persimmon-salad-2-min-300x300.jpg 300w, https:\/\/rootsandcook.com\/wp-content\/uploads\/2021\/12\/winter-persimmon-salad-2-min-150x150.jpg 150w, https:\/\/rootsandcook.com\/wp-content\/uploads\/2021\/12\/winter-persimmon-salad-2-min-768x768.jpg 768w, https:\/\/rootsandcook.com\/wp-content\/uploads\/2021\/12\/winter-persimmon-salad-2-min-530x530.jpg 530w, https:\/\/rootsandcook.com\/wp-content\/uploads\/2021\/12\/winter-persimmon-salad-2-min-750x750.jpg 750w, https:\/\/rootsandcook.com\/wp-content\/uploads\/2021\/12\/winter-persimmon-salad-2-min-500x500.jpg 500w, https:\/\/rootsandcook.com\/wp-content\/uploads\/2021\/12\/winter-persimmon-salad-2-min-360x360.jpg 360w, https:\/\/rootsandcook.com\/wp-content\/uploads\/2021\/12\/winter-persimmon-salad-2-min-100x100.jpg 100w, https:\/\/rootsandcook.com\/wp-content\/uploads\/2021\/12\/winter-persimmon-salad-2-min-600x600.jpg 600w, https:\/\/rootsandcook.com\/wp-content\/uploads\/2021\/12\/winter-persimmon-salad-2-min.jpg 1200w\" sizes=\"auto, (max-width: 1024px) 100vw, 1024px\" \/><\/a><figcaption class=\"wp-element-caption\"><a href=\"https:\/\/rootsandcook.com\/es\/ensalada-de-caqui-y-espinacas\/\" target=\"_blank\" rel=\"noreferrer noopener\">Ensalada con caquis y espinacas<\/a><\/figcaption><\/figure>\n<\/div>\n<\/div>\n\n\n\n<h3 class=\"wp-block-heading\">2. Escarola<\/h3>\n\n\n\n<div class=\"wp-block-columns is-layout-flex wp-container-core-columns-is-layout-0e47273b wp-block-columns-is-layout-flex\">\n<div class=\"wp-block-column is-layout-flow wp-block-column-is-layout-flow\">\n<figure class=\"wp-block-image size-large\"><a href=\"https:\/\/rootsandcook.com\/es\/ensalada-templada-de-puerros-y-gambas\/\" target=\"_blank\" rel=\"noreferrer noopener\"><img loading=\"lazy\" decoding=\"async\" width=\"1024\" height=\"1024\" src=\"https:\/\/rootsandcook.com\/wp-content\/uploads\/2022\/01\/leek-and-shrimp-winter-salad_ensalada-templada-de-puerros-y-gambas6-Edit-min-1024x1024.jpg\" alt=\"\" class=\"wp-image-8976\" srcset=\"https:\/\/rootsandcook.com\/wp-content\/uploads\/2022\/01\/leek-and-shrimp-winter-salad_ensalada-templada-de-puerros-y-gambas6-Edit-min-1024x1024.jpg 1024w, https:\/\/rootsandcook.com\/wp-content\/uploads\/2022\/01\/leek-and-shrimp-winter-salad_ensalada-templada-de-puerros-y-gambas6-Edit-min-300x300.jpg 300w, https:\/\/rootsandcook.com\/wp-content\/uploads\/2022\/01\/leek-and-shrimp-winter-salad_ensalada-templada-de-puerros-y-gambas6-Edit-min-150x150.jpg 150w, https:\/\/rootsandcook.com\/wp-content\/uploads\/2022\/01\/leek-and-shrimp-winter-salad_ensalada-templada-de-puerros-y-gambas6-Edit-min-768x768.jpg 768w, https:\/\/rootsandcook.com\/wp-content\/uploads\/2022\/01\/leek-and-shrimp-winter-salad_ensalada-templada-de-puerros-y-gambas6-Edit-min-530x530.jpg 530w, https:\/\/rootsandcook.com\/wp-content\/uploads\/2022\/01\/leek-and-shrimp-winter-salad_ensalada-templada-de-puerros-y-gambas6-Edit-min-750x750.jpg 750w, https:\/\/rootsandcook.com\/wp-content\/uploads\/2022\/01\/leek-and-shrimp-winter-salad_ensalada-templada-de-puerros-y-gambas6-Edit-min-500x500.jpg 500w, https:\/\/rootsandcook.com\/wp-content\/uploads\/2022\/01\/leek-and-shrimp-winter-salad_ensalada-templada-de-puerros-y-gambas6-Edit-min-360x360.jpg 360w, https:\/\/rootsandcook.com\/wp-content\/uploads\/2022\/01\/leek-and-shrimp-winter-salad_ensalada-templada-de-puerros-y-gambas6-Edit-min-100x100.jpg 100w, https:\/\/rootsandcook.com\/wp-content\/uploads\/2022\/01\/leek-and-shrimp-winter-salad_ensalada-templada-de-puerros-y-gambas6-Edit-min-600x600.jpg 600w, https:\/\/rootsandcook.com\/wp-content\/uploads\/2022\/01\/leek-and-shrimp-winter-salad_ensalada-templada-de-puerros-y-gambas6-Edit-min.jpg 1200w\" sizes=\"auto, (max-width: 1024px) 100vw, 1024px\" \/><\/a><figcaption class=\"wp-element-caption\"><a href=\"https:\/\/rootsandcook.com\/es\/ensalada-templada-de-puerros-y-gambas\/\" target=\"_blank\" rel=\"noreferrer noopener\">Ensalada de invierno con puerro y gambas<\/a><\/figcaption><\/figure>\n<\/div>\n<\/div>\n\n\n\n<h3 class=\"wp-block-heading\">3. Remolacha<\/h3>\n\n\n\n<figure class=\"wp-block-image size-large\"><a href=\"https:\/\/rootsandcook.com\/es\/brownie-de-remolacha\/\" target=\"_blank\" rel=\"noreferrer noopener\"><img loading=\"lazy\" decoding=\"async\" width=\"1024\" height=\"1024\" src=\"https:\/\/rootsandcook.com\/wp-content\/uploads\/2022\/05\/beetroot-brownie-2-min-1024x1024.jpg\" alt=\"brownie de remolacha con chocolate\" class=\"wp-image-9865\" srcset=\"https:\/\/rootsandcook.com\/wp-content\/uploads\/2022\/05\/beetroot-brownie-2-min-1024x1024.jpg 1024w, https:\/\/rootsandcook.com\/wp-content\/uploads\/2022\/05\/beetroot-brownie-2-min-300x300.jpg 300w, https:\/\/rootsandcook.com\/wp-content\/uploads\/2022\/05\/beetroot-brownie-2-min-150x150.jpg 150w, https:\/\/rootsandcook.com\/wp-content\/uploads\/2022\/05\/beetroot-brownie-2-min-768x768.jpg 768w, https:\/\/rootsandcook.com\/wp-content\/uploads\/2022\/05\/beetroot-brownie-2-min-530x530.jpg 530w, https:\/\/rootsandcook.com\/wp-content\/uploads\/2022\/05\/beetroot-brownie-2-min-750x750.jpg 750w, https:\/\/rootsandcook.com\/wp-content\/uploads\/2022\/05\/beetroot-brownie-2-min-500x500.jpg 500w, https:\/\/rootsandcook.com\/wp-content\/uploads\/2022\/05\/beetroot-brownie-2-min-360x360.jpg 360w, https:\/\/rootsandcook.com\/wp-content\/uploads\/2022\/05\/beetroot-brownie-2-min-100x100.jpg 100w, https:\/\/rootsandcook.com\/wp-content\/uploads\/2022\/05\/beetroot-brownie-2-min-600x600.jpg 600w, https:\/\/rootsandcook.com\/wp-content\/uploads\/2022\/05\/beetroot-brownie-2-min-96x96.jpg 96w, https:\/\/rootsandcook.com\/wp-content\/uploads\/2022\/05\/beetroot-brownie-2-min.jpg 1200w\" sizes=\"auto, (max-width: 1024px) 100vw, 1024px\" \/><\/a><figcaption class=\"wp-element-caption\"><a href=\"https:\/\/rootsandcook.com\/es\/brownie-de-remolacha\/\" target=\"_blank\" rel=\"noreferrer noopener\">Brownie saludable de remolacha<\/a><\/figcaption><\/figure>\n\n\n\n<h3 class=\"wp-block-heading\">4. Naranja<\/h3>\n\n\n\n<div class=\"wp-block-columns is-layout-flex wp-container-core-columns-is-layout-0e47273b wp-block-columns-is-layout-flex\">\n<div class=\"wp-block-column is-layout-flow wp-block-column-is-layout-flow\">\n<figure class=\"wp-block-image size-full\"><a href=\"https:\/\/rootsandcook.com\/product\/marinated-salmon-single-recipe-print\/\" target=\"_blank\" rel=\"noreferrer noopener\"><img loading=\"lazy\" decoding=\"async\" width=\"800\" height=\"564\" src=\"https:\/\/rootsandcook.com\/wp-content\/uploads\/2022\/03\/Marinated-salmon-rootsandcook.jpg\" alt=\"\" class=\"wp-image-9502\" srcset=\"https:\/\/rootsandcook.com\/wp-content\/uploads\/2022\/03\/Marinated-salmon-rootsandcook.jpg 800w, https:\/\/rootsandcook.com\/wp-content\/uploads\/2022\/03\/Marinated-salmon-rootsandcook-300x212.jpg 300w, https:\/\/rootsandcook.com\/wp-content\/uploads\/2022\/03\/Marinated-salmon-rootsandcook-768x541.jpg 768w, https:\/\/rootsandcook.com\/wp-content\/uploads\/2022\/03\/Marinated-salmon-rootsandcook-750x529.jpg 750w, https:\/\/rootsandcook.com\/wp-content\/uploads\/2022\/03\/Marinated-salmon-rootsandcook-600x423.jpg 600w\" sizes=\"auto, (max-width: 800px) 100vw, 800px\" \/><\/a><figcaption class=\"wp-element-caption\"><a href=\"https:\/\/rootsandcook.com\/product\/marinated-salmon-single-recipe-print\/\" target=\"_blank\" rel=\"noreferrer noopener\">Salm\u00f3n marinado &#8211; Recetas Individuales &#8211; Impresa<\/a><\/figcaption><\/figure>\n<\/div>\n\n\n\n<div class=\"wp-block-column is-layout-flow wp-block-column-is-layout-flow\"><\/div>\n<\/div>\n\n\n\n<h3 class=\"wp-block-heading\">5. Hinojo<\/h3>\n\n\n\n<figure class=\"wp-block-image size-large\"><a href=\"https:\/\/rootsandcook.com\/es\/hinojo-asado-con-tomate-y-aceitunas\/\" target=\"_blank\" rel=\"noreferrer noopener\"><img loading=\"lazy\" decoding=\"async\" width=\"576\" height=\"1024\" src=\"https:\/\/rootsandcook.com\/wp-content\/uploads\/2022\/07\/roasted-fennel-with-tomato-and-olives-576x1024.jpg\" alt=\"hinojo asado con tomate y aceitunas\" class=\"wp-image-10440\" srcset=\"https:\/\/rootsandcook.com\/wp-content\/uploads\/2022\/07\/roasted-fennel-with-tomato-and-olives-576x1024.jpg 576w, https:\/\/rootsandcook.com\/wp-content\/uploads\/2022\/07\/roasted-fennel-with-tomato-and-olives-169x300.jpg 169w, https:\/\/rootsandcook.com\/wp-content\/uploads\/2022\/07\/roasted-fennel-with-tomato-and-olives-600x1067.jpg 600w, https:\/\/rootsandcook.com\/wp-content\/uploads\/2022\/07\/roasted-fennel-with-tomato-and-olives.jpg 675w\" sizes=\"auto, (max-width: 576px) 100vw, 576px\" \/><\/a><figcaption class=\"wp-element-caption\"><a href=\"https:\/\/rootsandcook.com\/es\/hinojo-asado-con-tomate-y-aceitunas\/\" target=\"_blank\" rel=\"noreferrer noopener\">Hinojo asado con tomate y aceitunas<\/a><\/figcaption><\/figure>\n\n\n\n<h3 class=\"wp-block-heading\">6. Calabaza<\/h3>\n\n\n\n<div class=\"wp-block-columns is-layout-flex wp-container-core-columns-is-layout-0e47273b wp-block-columns-is-layout-flex\">\n<div class=\"wp-block-column is-layout-flow wp-block-column-is-layout-flow\" style=\"flex-basis:50%\">\n<figure class=\"wp-block-image size-large\"><img loading=\"lazy\" decoding=\"async\" width=\"1024\" height=\"1024\" src=\"https:\/\/rootsandcook.com\/wp-content\/uploads\/2021\/10\/Slow-cooker-pumpkin-and-chocolate-cake.-3-1024x1024.jpg\" alt=\"\u200b\u200bBizcocho de calabaza y chocolate en olla lenta\" class=\"wp-image-8229\" srcset=\"https:\/\/rootsandcook.com\/wp-content\/uploads\/2021\/10\/Slow-cooker-pumpkin-and-chocolate-cake.-3-1024x1024.jpg 1024w, https:\/\/rootsandcook.com\/wp-content\/uploads\/2021\/10\/Slow-cooker-pumpkin-and-chocolate-cake.-3-300x300.jpg 300w, https:\/\/rootsandcook.com\/wp-content\/uploads\/2021\/10\/Slow-cooker-pumpkin-and-chocolate-cake.-3-150x150.jpg 150w, https:\/\/rootsandcook.com\/wp-content\/uploads\/2021\/10\/Slow-cooker-pumpkin-and-chocolate-cake.-3-768x768.jpg 768w, https:\/\/rootsandcook.com\/wp-content\/uploads\/2021\/10\/Slow-cooker-pumpkin-and-chocolate-cake.-3-530x530.jpg 530w, https:\/\/rootsandcook.com\/wp-content\/uploads\/2021\/10\/Slow-cooker-pumpkin-and-chocolate-cake.-3-750x750.jpg 750w, https:\/\/rootsandcook.com\/wp-content\/uploads\/2021\/10\/Slow-cooker-pumpkin-and-chocolate-cake.-3-500x500.jpg 500w, https:\/\/rootsandcook.com\/wp-content\/uploads\/2021\/10\/Slow-cooker-pumpkin-and-chocolate-cake.-3-360x360.jpg 360w, https:\/\/rootsandcook.com\/wp-content\/uploads\/2021\/10\/Slow-cooker-pumpkin-and-chocolate-cake.-3-100x100.jpg 100w, https:\/\/rootsandcook.com\/wp-content\/uploads\/2021\/10\/Slow-cooker-pumpkin-and-chocolate-cake.-3-600x600.jpg 600w, https:\/\/rootsandcook.com\/wp-content\/uploads\/2021\/10\/Slow-cooker-pumpkin-and-chocolate-cake.-3.jpg 1200w\" sizes=\"auto, (max-width: 1024px) 100vw, 1024px\" \/><figcaption class=\"wp-element-caption\"><a href=\"https:\/\/rootsandcook.com\/es\/bizcocho-de-calabaza-y-chocolate-en-olla-lenta\/\" target=\"_blank\" rel=\"noreferrer noopener\">Bizcocho de calabaza y chocolate en olla lenta<\/a><\/figcaption><\/figure>\n<\/div>\n\n\n\n<div class=\"wp-block-column is-layout-flow wp-block-column-is-layout-flow\" style=\"flex-basis:50%\">\n<figure class=\"wp-block-image size-large\"><a href=\"https:\/\/rootsandcook.com\/es\/crema-de-calabaza-y-coco\/\"><img loading=\"lazy\" decoding=\"async\" width=\"746\" height=\"1024\" src=\"https:\/\/rootsandcook.com\/wp-content\/uploads\/2023\/02\/Thai-pumpkin-and-coconut-soup-rootsandcook-1-min-746x1024.jpg\" alt=\"Thai pumpkin and coconut soup-rootsandcook\" class=\"wp-image-19869\" srcset=\"https:\/\/rootsandcook.com\/wp-content\/uploads\/2023\/02\/Thai-pumpkin-and-coconut-soup-rootsandcook-1-min-746x1024.jpg 746w, https:\/\/rootsandcook.com\/wp-content\/uploads\/2023\/02\/Thai-pumpkin-and-coconut-soup-rootsandcook-1-min-218x300.jpg 218w, https:\/\/rootsandcook.com\/wp-content\/uploads\/2023\/02\/Thai-pumpkin-and-coconut-soup-rootsandcook-1-min-768x1055.jpg 768w, https:\/\/rootsandcook.com\/wp-content\/uploads\/2023\/02\/Thai-pumpkin-and-coconut-soup-rootsandcook-1-min-1119x1536.jpg 1119w, https:\/\/rootsandcook.com\/wp-content\/uploads\/2023\/02\/Thai-pumpkin-and-coconut-soup-rootsandcook-1-min-1491x2048.jpg 1491w, https:\/\/rootsandcook.com\/wp-content\/uploads\/2023\/02\/Thai-pumpkin-and-coconut-soup-rootsandcook-1-min-750x1030.jpg 750w, https:\/\/rootsandcook.com\/wp-content\/uploads\/2023\/02\/Thai-pumpkin-and-coconut-soup-rootsandcook-1-min-600x824.jpg 600w, https:\/\/rootsandcook.com\/wp-content\/uploads\/2023\/02\/Thai-pumpkin-and-coconut-soup-rootsandcook-1-min-scaled.jpg 1864w\" sizes=\"auto, (max-width: 746px) 100vw, 746px\" \/><\/a><figcaption class=\"wp-element-caption\"><a href=\"https:\/\/rootsandcook.com\/es\/crema-de-calabaza-y-coco\/\">Crema de calabaza y coco<\/a><\/figcaption><\/figure>\n<\/div>\n<\/div>\n\n\n\n<hr class=\"wp-block-coblocks-dynamic-separator\" style=\"height:50px\"\/>\n\n\n\n<h2 class=\"wp-block-heading\">Pescados:<\/h2>\n\n\n\n<h3 class=\"wp-block-heading\">1. Caballa (verdel)<\/h3>\n\n\n\n<div class=\"wp-block-columns is-layout-flex wp-container-core-columns-is-layout-0e47273b wp-block-columns-is-layout-flex\">\n<div class=\"wp-block-column is-layout-flow wp-block-column-is-layout-flow\" style=\"flex-basis:25%\">\n<figure class=\"wp-block-image size-large\"><img loading=\"lazy\" decoding=\"async\" width=\"1024\" height=\"1024\" src=\"https:\/\/rootsandcook.com\/wp-content\/uploads\/2020\/07\/salad-marta-3-1024x1024.jpg\" alt=\"Ensalada De Verduras Asadas Con Caballa Ahumada\" class=\"wp-image-1854\" srcset=\"https:\/\/rootsandcook.com\/wp-content\/uploads\/2020\/07\/salad-marta-3-1024x1024.jpg 1024w, https:\/\/rootsandcook.com\/wp-content\/uploads\/2020\/07\/salad-marta-3-300x300.jpg 300w, https:\/\/rootsandcook.com\/wp-content\/uploads\/2020\/07\/salad-marta-3-100x100.jpg 100w, https:\/\/rootsandcook.com\/wp-content\/uploads\/2020\/07\/salad-marta-3-scaled-600x600.jpg 600w, https:\/\/rootsandcook.com\/wp-content\/uploads\/2020\/07\/salad-marta-3-150x150.jpg 150w, https:\/\/rootsandcook.com\/wp-content\/uploads\/2020\/07\/salad-marta-3-768x768.jpg 768w, https:\/\/rootsandcook.com\/wp-content\/uploads\/2020\/07\/salad-marta-3-1536x1536.jpg 1536w, https:\/\/rootsandcook.com\/wp-content\/uploads\/2020\/07\/salad-marta-3-2048x2048.jpg 2048w, https:\/\/rootsandcook.com\/wp-content\/uploads\/2020\/07\/salad-marta-3-530x530.jpg 530w, https:\/\/rootsandcook.com\/wp-content\/uploads\/2020\/07\/salad-marta-3-750x750.jpg 750w, https:\/\/rootsandcook.com\/wp-content\/uploads\/2020\/07\/salad-marta-3-500x500.jpg 500w, https:\/\/rootsandcook.com\/wp-content\/uploads\/2020\/07\/salad-marta-3-360x360.jpg 360w, https:\/\/rootsandcook.com\/wp-content\/uploads\/2020\/07\/salad-marta-3-1320x1320.jpg 1320w\" sizes=\"auto, (max-width: 1024px) 100vw, 1024px\" \/><figcaption class=\"wp-element-caption\"><a href=\"https:\/\/rootsandcook.com\/es\/ensalada-de-verduras-asadas-con-caballa-ahumada\/\" target=\"_blank\" rel=\"noreferrer noopener\">Ensalada de pimientos y caballa ahumada<\/a><\/figcaption><\/figure>\n<\/div>\n\n\n\n<div class=\"wp-block-column is-layout-flow wp-block-column-is-layout-flow\" style=\"flex-basis:50%\">\n<figure class=\"wp-block-image size-large\"><img loading=\"lazy\" decoding=\"async\" width=\"1024\" height=\"854\" src=\"https:\/\/rootsandcook.com\/wp-content\/uploads\/2020\/04\/mackerel-escabeche-rootsandcook-min-1024x854.jpg\" alt=\"Verdel En Escabeche-1-rootsandcook\" class=\"wp-image-18818\" srcset=\"https:\/\/rootsandcook.com\/wp-content\/uploads\/2020\/04\/mackerel-escabeche-rootsandcook-min-1024x854.jpg 1024w, https:\/\/rootsandcook.com\/wp-content\/uploads\/2020\/04\/mackerel-escabeche-rootsandcook-min-300x250.jpg 300w, https:\/\/rootsandcook.com\/wp-content\/uploads\/2020\/04\/mackerel-escabeche-rootsandcook-min-768x640.jpg 768w, https:\/\/rootsandcook.com\/wp-content\/uploads\/2020\/04\/mackerel-escabeche-rootsandcook-min-1536x1280.jpg 1536w, https:\/\/rootsandcook.com\/wp-content\/uploads\/2020\/04\/mackerel-escabeche-rootsandcook-min-2048x1707.jpg 2048w, https:\/\/rootsandcook.com\/wp-content\/uploads\/2020\/04\/mackerel-escabeche-rootsandcook-min-750x625.jpg 750w, https:\/\/rootsandcook.com\/wp-content\/uploads\/2020\/04\/mackerel-escabeche-rootsandcook-min-600x500.jpg 600w\" sizes=\"auto, (max-width: 1024px) 100vw, 1024px\" \/><figcaption class=\"wp-element-caption\"><a href=\"https:\/\/rootsandcook.com\/es\/verdel-escabeche\/\" target=\"_blank\" rel=\"noreferrer noopener\">Verdel en escabeche<\/a><\/figcaption><\/figure>\n<\/div>\n\n\n\n<div class=\"wp-block-column is-layout-flow wp-block-column-is-layout-flow\" style=\"flex-basis:25%\">\n<figure class=\"wp-block-image size-large\"><img loading=\"lazy\" decoding=\"async\" width=\"1024\" height=\"847\" src=\"https:\/\/rootsandcook.com\/wp-content\/uploads\/2023\/01\/mackerel-escabeche-salad-rootsandcook-min-1024x847.jpg\" alt=\"ensalada de verdel en escabeche-rootsandcook\" class=\"wp-image-18835\" srcset=\"https:\/\/rootsandcook.com\/wp-content\/uploads\/2023\/01\/mackerel-escabeche-salad-rootsandcook-min-1024x847.jpg 1024w, https:\/\/rootsandcook.com\/wp-content\/uploads\/2023\/01\/mackerel-escabeche-salad-rootsandcook-min-300x248.jpg 300w, https:\/\/rootsandcook.com\/wp-content\/uploads\/2023\/01\/mackerel-escabeche-salad-rootsandcook-min-768x635.jpg 768w, https:\/\/rootsandcook.com\/wp-content\/uploads\/2023\/01\/mackerel-escabeche-salad-rootsandcook-min-1536x1271.jpg 1536w, https:\/\/rootsandcook.com\/wp-content\/uploads\/2023\/01\/mackerel-escabeche-salad-rootsandcook-min-2048x1694.jpg 2048w, https:\/\/rootsandcook.com\/wp-content\/uploads\/2023\/01\/mackerel-escabeche-salad-rootsandcook-min-750x620.jpg 750w, https:\/\/rootsandcook.com\/wp-content\/uploads\/2023\/01\/mackerel-escabeche-salad-rootsandcook-min-600x496.jpg 600w\" sizes=\"auto, (max-width: 1024px) 100vw, 1024px\" \/><figcaption class=\"wp-element-caption\"><a href=\"https:\/\/rootsandcook.com\/es\/empanada-gallega-de-verdel\/\" target=\"_blank\" rel=\"noreferrer noopener\">Empanada de Verdel<\/a><\/figcaption><\/figure>\n<\/div>\n<\/div>\n\n\n\n<h3 class=\"wp-block-heading\">2. Bonito<\/h3>\n\n\n\n<div class=\"wp-block-columns is-layout-flex wp-container-core-columns-is-layout-0e47273b wp-block-columns-is-layout-flex\">\n<div class=\"wp-block-column is-layout-flow wp-block-column-is-layout-flow\">\n<figure class=\"wp-block-image size-large\"><a href=\"https:\/\/rootsandcook.com\/es\/ensalada-de-nectarinas-caramelizadas-y-bonito\/\" target=\"_blank\" rel=\"noreferrer noopener\"><img loading=\"lazy\" decoding=\"async\" width=\"1024\" height=\"1024\" src=\"https:\/\/rootsandcook.com\/wp-content\/uploads\/2021\/08\/grilled-nectarine-and-bonito-salad-1-min-1024x1024.jpg\" alt=\"ensalada de nectarinas caramelizadas y bonito\" class=\"wp-image-7774\" srcset=\"https:\/\/rootsandcook.com\/wp-content\/uploads\/2021\/08\/grilled-nectarine-and-bonito-salad-1-min-1024x1024.jpg 1024w, https:\/\/rootsandcook.com\/wp-content\/uploads\/2021\/08\/grilled-nectarine-and-bonito-salad-1-min-300x300.jpg 300w, https:\/\/rootsandcook.com\/wp-content\/uploads\/2021\/08\/grilled-nectarine-and-bonito-salad-1-min-150x150.jpg 150w, https:\/\/rootsandcook.com\/wp-content\/uploads\/2021\/08\/grilled-nectarine-and-bonito-salad-1-min-768x768.jpg 768w, https:\/\/rootsandcook.com\/wp-content\/uploads\/2021\/08\/grilled-nectarine-and-bonito-salad-1-min-530x530.jpg 530w, https:\/\/rootsandcook.com\/wp-content\/uploads\/2021\/08\/grilled-nectarine-and-bonito-salad-1-min-750x750.jpg 750w, https:\/\/rootsandcook.com\/wp-content\/uploads\/2021\/08\/grilled-nectarine-and-bonito-salad-1-min-500x500.jpg 500w, https:\/\/rootsandcook.com\/wp-content\/uploads\/2021\/08\/grilled-nectarine-and-bonito-salad-1-min-360x360.jpg 360w, https:\/\/rootsandcook.com\/wp-content\/uploads\/2021\/08\/grilled-nectarine-and-bonito-salad-1-min-100x100.jpg 100w, https:\/\/rootsandcook.com\/wp-content\/uploads\/2021\/08\/grilled-nectarine-and-bonito-salad-1-min-600x600.jpg 600w, https:\/\/rootsandcook.com\/wp-content\/uploads\/2021\/08\/grilled-nectarine-and-bonito-salad-1-min.jpg 1200w\" sizes=\"auto, (max-width: 1024px) 100vw, 1024px\" \/><\/a><figcaption class=\"wp-element-caption\"><a href=\"https:\/\/rootsandcook.com\/es\/ensalada-de-nectarinas-caramelizadas-y-bonito\/\" target=\"_blank\" rel=\"noreferrer noopener\">Ensalada de bonito y nectarinas<\/a><\/figcaption><\/figure>\n<\/div>\n\n\n\n<div class=\"wp-block-column is-layout-flow wp-block-column-is-layout-flow\">\n<figure class=\"wp-block-image size-large\"><a href=\"https:\/\/rootsandcook.com\/es\/tartar-de-bonito-picante\/\" target=\"_blank\" rel=\"noreferrer noopener\"><img loading=\"lazy\" decoding=\"async\" width=\"1024\" height=\"768\" src=\"https:\/\/rootsandcook.com\/wp-content\/uploads\/2020\/10\/spicy-bonito-tartare_rootsandcook-3-1-1024x768.jpg\" alt=\"tartar-de-bonito-picante\" class=\"wp-image-3155\" srcset=\"https:\/\/rootsandcook.com\/wp-content\/uploads\/2020\/10\/spicy-bonito-tartare_rootsandcook-3-1-1024x768.jpg 1024w, https:\/\/rootsandcook.com\/wp-content\/uploads\/2020\/10\/spicy-bonito-tartare_rootsandcook-3-1-600x450.jpg 600w, https:\/\/rootsandcook.com\/wp-content\/uploads\/2020\/10\/spicy-bonito-tartare_rootsandcook-3-1-300x225.jpg 300w, https:\/\/rootsandcook.com\/wp-content\/uploads\/2020\/10\/spicy-bonito-tartare_rootsandcook-3-1-768x576.jpg 768w, https:\/\/rootsandcook.com\/wp-content\/uploads\/2020\/10\/spicy-bonito-tartare_rootsandcook-3-1-1536x1152.jpg 1536w, https:\/\/rootsandcook.com\/wp-content\/uploads\/2020\/10\/spicy-bonito-tartare_rootsandcook-3-1-750x563.jpg 750w, https:\/\/rootsandcook.com\/wp-content\/uploads\/2020\/10\/spicy-bonito-tartare_rootsandcook-3-1-500x375.jpg 500w, https:\/\/rootsandcook.com\/wp-content\/uploads\/2020\/10\/spicy-bonito-tartare_rootsandcook-3-1.jpg 2000w\" sizes=\"auto, (max-width: 1024px) 100vw, 1024px\" \/><\/a><figcaption class=\"wp-element-caption\"><a href=\"https:\/\/rootsandcook.com\/es\/tartar-de-bonito-picante\/\" target=\"_blank\" rel=\"noreferrer noopener\">Tartar De Bonito Picante Con Aguacate Y Mango<\/a><\/figcaption><\/figure>\n<\/div>\n\n\n\n<div class=\"wp-block-column is-layout-flow wp-block-column-is-layout-flow\">\n<figure class=\"wp-block-image size-large\"><a href=\"https:\/\/rootsandcook.com\/es\/escabeche-de-bonito\/\" target=\"_blank\" rel=\"noreferrer noopener\"><img loading=\"lazy\" decoding=\"async\" width=\"768\" height=\"1024\" src=\"https:\/\/rootsandcook.com\/wp-content\/uploads\/2020\/09\/escabeche-de-bonito3-768x1024.jpg\" alt=\"escabeche de bonito pintxo - bonito escabeche\" class=\"wp-image-2327\" srcset=\"https:\/\/rootsandcook.com\/wp-content\/uploads\/2020\/09\/escabeche-de-bonito3-768x1024.jpg 768w, https:\/\/rootsandcook.com\/wp-content\/uploads\/2020\/09\/escabeche-de-bonito3-scaled-600x800.jpg 600w, https:\/\/rootsandcook.com\/wp-content\/uploads\/2020\/09\/escabeche-de-bonito3-225x300.jpg 225w, https:\/\/rootsandcook.com\/wp-content\/uploads\/2020\/09\/escabeche-de-bonito3-scaled.jpg 1920w\" sizes=\"auto, (max-width: 768px) 100vw, 768px\" \/><\/a><figcaption class=\"wp-element-caption\"><a href=\"https:\/\/rootsandcook.com\/es\/escabeche-de-bonito\/\" target=\"_blank\" rel=\"noreferrer noopener\">Bonito Escabeche<\/a><\/figcaption><\/figure>\n<\/div>\n<\/div>\n\n\n\n<h3 class=\"wp-block-heading\">3. Sepia<\/h3>\n\n\n\n<div class=\"wp-block-columns is-layout-flex wp-container-core-columns-is-layout-0e47273b wp-block-columns-is-layout-flex\">\n<div class=\"wp-block-column is-layout-flow wp-block-column-is-layout-flow\" style=\"flex-basis:33.33%\">\n<figure class=\"wp-block-image size-large\"><a href=\"https:\/\/rootsandcook.com\/es\/sepia-a-la-plancha-con-ajo-y-perejil\/\" target=\"_blank\" rel=\"noreferrer noopener\"><img loading=\"lazy\" decoding=\"async\" width=\"834\" height=\"1024\" src=\"https:\/\/rootsandcook.com\/wp-content\/uploads\/2022\/05\/mediterranean-style-grilled-cuttlefish-834x1024.jpg\" alt=\"\" class=\"wp-image-10071\" srcset=\"https:\/\/rootsandcook.com\/wp-content\/uploads\/2022\/05\/mediterranean-style-grilled-cuttlefish-834x1024.jpg 834w, https:\/\/rootsandcook.com\/wp-content\/uploads\/2022\/05\/mediterranean-style-grilled-cuttlefish-244x300.jpg 244w, https:\/\/rootsandcook.com\/wp-content\/uploads\/2022\/05\/mediterranean-style-grilled-cuttlefish-768x943.jpg 768w, https:\/\/rootsandcook.com\/wp-content\/uploads\/2022\/05\/mediterranean-style-grilled-cuttlefish-750x921.jpg 750w, https:\/\/rootsandcook.com\/wp-content\/uploads\/2022\/05\/mediterranean-style-grilled-cuttlefish-600x737.jpg 600w, https:\/\/rootsandcook.com\/wp-content\/uploads\/2022\/05\/mediterranean-style-grilled-cuttlefish.jpg 916w\" sizes=\"auto, (max-width: 834px) 100vw, 834px\" \/><\/a><figcaption class=\"wp-element-caption\"><a href=\"https:\/\/rootsandcook.com\/es\/sepia-a-la-plancha-con-ajo-y-perejil\/\" target=\"_blank\" rel=\"noreferrer noopener\">Sepia a la plancha<\/a><\/figcaption><\/figure>\n<\/div>\n\n\n\n<div class=\"wp-block-column is-layout-flow wp-block-column-is-layout-flow\" style=\"flex-basis:66.66%\">\n<figure class=\"wp-block-image size-large\"><img loading=\"lazy\" decoding=\"async\" width=\"1024\" height=\"1024\" src=\"https:\/\/rootsandcook.com\/wp-content\/uploads\/2022\/06\/grilled-squid-with-muhammara-and-sauteed-green-beans-3-min-1024x1024.jpg\" alt=\"Calamares con muhammara y judias verdes salteadas y ralladura de limon\" class=\"wp-image-10146\" srcset=\"https:\/\/rootsandcook.com\/wp-content\/uploads\/2022\/06\/grilled-squid-with-muhammara-and-sauteed-green-beans-3-min-1024x1024.jpg 1024w, https:\/\/rootsandcook.com\/wp-content\/uploads\/2022\/06\/grilled-squid-with-muhammara-and-sauteed-green-beans-3-min-300x300.jpg 300w, https:\/\/rootsandcook.com\/wp-content\/uploads\/2022\/06\/grilled-squid-with-muhammara-and-sauteed-green-beans-3-min-150x150.jpg 150w, https:\/\/rootsandcook.com\/wp-content\/uploads\/2022\/06\/grilled-squid-with-muhammara-and-sauteed-green-beans-3-min-768x768.jpg 768w, https:\/\/rootsandcook.com\/wp-content\/uploads\/2022\/06\/grilled-squid-with-muhammara-and-sauteed-green-beans-3-min-530x530.jpg 530w, https:\/\/rootsandcook.com\/wp-content\/uploads\/2022\/06\/grilled-squid-with-muhammara-and-sauteed-green-beans-3-min-750x750.jpg 750w, https:\/\/rootsandcook.com\/wp-content\/uploads\/2022\/06\/grilled-squid-with-muhammara-and-sauteed-green-beans-3-min-500x500.jpg 500w, https:\/\/rootsandcook.com\/wp-content\/uploads\/2022\/06\/grilled-squid-with-muhammara-and-sauteed-green-beans-3-min-360x360.jpg 360w, https:\/\/rootsandcook.com\/wp-content\/uploads\/2022\/06\/grilled-squid-with-muhammara-and-sauteed-green-beans-3-min-100x100.jpg 100w, https:\/\/rootsandcook.com\/wp-content\/uploads\/2022\/06\/grilled-squid-with-muhammara-and-sauteed-green-beans-3-min-600x600.jpg 600w, https:\/\/rootsandcook.com\/wp-content\/uploads\/2022\/06\/grilled-squid-with-muhammara-and-sauteed-green-beans-3-min.jpg 1200w\" sizes=\"auto, (max-width: 1024px) 100vw, 1024px\" \/><figcaption class=\"wp-element-caption\"><a href=\"https:\/\/rootsandcook.com\/es\/calamares-con-muhammara-y-judias-verdes-salteadas\/\" target=\"_blank\" rel=\"noreferrer noopener\">Calamares con muhammara y judias verdes salteadas y ralladura de limon<\/a><\/figcaption><\/figure>\n<\/div>\n<\/div>\n\n\n\n<hr class=\"wp-block-separator has-alpha-channel-opacity is-style-dots\"\/>\n\n\n\n<p class=\"wp-block-paragraph\">Espero que hayas encontrado un mont\u00f3n de ideas y de inspiraci\u00f3n para a\u00f1adir producto de temporada a tu lista de la compra.<\/p>\n\n\n\n<p class=\"wp-block-paragraph\">Si tienes dudas sobre cualquiera de las recetas no dudes en mandarme un email a rootsandcook@gmail.com o un MD por <a href=\"https:\/\/www.instagram.com\/rootsandcook\/\" target=\"_blank\" rel=\"noreferrer noopener\">Instagram<\/a>.<\/p>\n","protected":false},"excerpt":{"rendered":"<p>\u00bfQu\u00e9 est\u00e1 de temporada en Noviembre? Productos de temporada en Noviembre: frutas, verduras y pescados.<\/p>\n","protected":false},"author":1,"featured_media":20530,"comment_status":"open","ping_status":"open","sticky":false,"template":"","format":"standard","meta":{"_coblocks_attr":"","_coblocks_dimensions":"","_coblocks_responsive_height":"","_coblocks_accordion_ie_support":"","_crdt_document":"","_jetpack_memberships_contains_paid_content":false,"footnotes":""},"categories":[1489],"tags":[1804,1238,156,1704,1741,1242,131,1207,1513,887,137,198],"class_list":["post-14766","post","type-post","status-publish","format-standard","has-post-thumbnail","hentry","category-temporada","tag-autumn-es","tag-autumn","tag-de-temporada","tag-frutas","tag-noviembre","tag-otono","tag-pescado","tag-producto-de-temporada","tag-productos-temporada","tag-seasonal-veggie-es","tag-temporada","tag-verduras"],"yoast_head":"<!-- This site is optimized with the Yoast SEO Premium plugin v24.9 (Yoast SEO v27.0) - https:\/\/yoast.com\/product\/yoast-seo-premium-wordpress\/ -->\n<title>Productos De Temporada En Noviembre - RootsandCook<\/title>\n<meta name=\"description\" content=\"\u00bfQu\u00e9 est\u00e1 de temporada en Noviembre? Productos de temporada en Noviembre: frutas, verduras y pescados. Incluye recetas para inspirarte.\" \/>\n<meta name=\"robots\" content=\"index, follow, max-snippet:-1, max-image-preview:large, max-video-preview:-1\" \/>\n<link rel=\"canonical\" href=\"https:\/\/rootsandcook.com\/es\/productos-de-temporada-en-noviembre\/\" \/>\n<meta property=\"og:locale\" content=\"es_ES\" \/>\n<meta property=\"og:type\" content=\"article\" \/>\n<meta property=\"og:title\" content=\"Productos De Temporada En Noviembre\" \/>\n<meta property=\"og:description\" content=\"\u00bfQu\u00e9 est\u00e1 de temporada en Noviembre? Productos de temporada en Noviembre: frutas, verduras y pescados. Incluye recetas para inspirarte.\" \/>\n<meta property=\"og:url\" content=\"https:\/\/rootsandcook.com\/es\/productos-de-temporada-en-noviembre\/\" \/>\n<meta property=\"og:site_name\" content=\"RootsandCook\" \/>\n<meta property=\"article:publisher\" content=\"https:\/\/www.facebook.com\/rootsandcook\/\" \/>\n<meta property=\"article:author\" content=\"https:\/\/www.facebook.com\/rootsandcook\/\" \/>\n<meta property=\"article:published_time\" content=\"2022-11-01T05:00:00+00:00\" \/>\n<meta property=\"article:modified_time\" content=\"2023-11-06T12:42:55+00:00\" \/>\n<meta property=\"og:image\" content=\"https:\/\/rootsandcook.com\/wp-content\/uploads\/2022\/11\/NOV-POST_IG-and-WEB.jpg\" \/>\n\t<meta property=\"og:image:width\" content=\"1080\" \/>\n\t<meta property=\"og:image:height\" content=\"1350\" \/>\n\t<meta property=\"og:image:type\" content=\"image\/jpeg\" \/>\n<meta name=\"author\" content=\"Enara Parra\" \/>\n<meta name=\"twitter:card\" content=\"summary_large_image\" \/>\n<script type=\"application\/ld+json\" class=\"yoast-schema-graph\">{\"@context\":\"https:\/\/schema.org\",\"@graph\":[{\"@type\":\"Article\",\"@id\":\"https:\/\/rootsandcook.com\/es\/productos-de-temporada-en-noviembre\/#article\",\"isPartOf\":{\"@id\":\"https:\/\/rootsandcook.com\/es\/productos-de-temporada-en-noviembre\/\"},\"author\":{\"name\":\"Enara Parra\",\"@id\":\"https:\/\/rootsandcook.com\/es\/#\/schema\/person\/18f44a39b0ae9be87eaea6e475f55041\"},\"headline\":\"Productos De Temporada En Noviembre\",\"datePublished\":\"2022-11-01T05:00:00+00:00\",\"dateModified\":\"2023-11-06T12:42:55+00:00\",\"mainEntityOfPage\":{\"@id\":\"https:\/\/rootsandcook.com\/es\/productos-de-temporada-en-noviembre\/\"},\"wordCount\":254,\"commentCount\":0,\"publisher\":{\"@id\":\"https:\/\/rootsandcook.com\/es\/#\/schema\/person\/18f44a39b0ae9be87eaea6e475f55041\"},\"image\":{\"@id\":\"https:\/\/rootsandcook.com\/es\/productos-de-temporada-en-noviembre\/#primaryimage\"},\"thumbnailUrl\":\"https:\/\/rootsandcook.com\/wp-content\/uploads\/2022\/11\/NOV-POST_IG-and-WEB.jpg\",\"keywords\":[\"autumn\",\"autumn\",\"De temporada\",\"frutas\",\"noviembre\",\"oto\u00f1o\",\"pescado\",\"producto de temporada\",\"productos temporada\",\"seasonal veggie\",\"temporada\",\"Verduras\"],\"articleSection\":[\"Temporada\"],\"inLanguage\":\"es-ES\",\"potentialAction\":[{\"@type\":\"CommentAction\",\"name\":\"Comment\",\"target\":[\"https:\/\/rootsandcook.com\/es\/productos-de-temporada-en-noviembre\/#respond\"]}]},{\"@type\":\"WebPage\",\"@id\":\"https:\/\/rootsandcook.com\/es\/productos-de-temporada-en-noviembre\/\",\"url\":\"https:\/\/rootsandcook.com\/es\/productos-de-temporada-en-noviembre\/\",\"name\":\"Productos De Temporada En Noviembre - RootsandCook\",\"isPartOf\":{\"@id\":\"https:\/\/rootsandcook.com\/es\/#website\"},\"primaryImageOfPage\":{\"@id\":\"https:\/\/rootsandcook.com\/es\/productos-de-temporada-en-noviembre\/#primaryimage\"},\"image\":{\"@id\":\"https:\/\/rootsandcook.com\/es\/productos-de-temporada-en-noviembre\/#primaryimage\"},\"thumbnailUrl\":\"https:\/\/rootsandcook.com\/wp-content\/uploads\/2022\/11\/NOV-POST_IG-and-WEB.jpg\",\"datePublished\":\"2022-11-01T05:00:00+00:00\",\"dateModified\":\"2023-11-06T12:42:55+00:00\",\"description\":\"\u00bfQu\u00e9 est\u00e1 de temporada en Noviembre? Productos de temporada en Noviembre: frutas, verduras y pescados. Incluye recetas para inspirarte.\",\"breadcrumb\":{\"@id\":\"https:\/\/rootsandcook.com\/es\/productos-de-temporada-en-noviembre\/#breadcrumb\"},\"inLanguage\":\"es-ES\",\"potentialAction\":[{\"@type\":\"ReadAction\",\"target\":[\"https:\/\/rootsandcook.com\/es\/productos-de-temporada-en-noviembre\/\"]}]},{\"@type\":\"ImageObject\",\"inLanguage\":\"es-ES\",\"@id\":\"https:\/\/rootsandcook.com\/es\/productos-de-temporada-en-noviembre\/#primaryimage\",\"url\":\"https:\/\/rootsandcook.com\/wp-content\/uploads\/2022\/11\/NOV-POST_IG-and-WEB.jpg\",\"contentUrl\":\"https:\/\/rootsandcook.com\/wp-content\/uploads\/2022\/11\/NOV-POST_IG-and-WEB.jpg\",\"width\":1080,\"height\":1350,\"caption\":\"Productos De Temporada En Noviembre-rootsandcook\"},{\"@type\":\"BreadcrumbList\",\"@id\":\"https:\/\/rootsandcook.com\/es\/productos-de-temporada-en-noviembre\/#breadcrumb\",\"itemListElement\":[{\"@type\":\"ListItem\",\"position\":1,\"name\":\"Home\",\"item\":\"https:\/\/rootsandcook.com\/es\/\"},{\"@type\":\"ListItem\",\"position\":2,\"name\":\"Productos De Temporada En Noviembre\"}]},{\"@type\":\"WebSite\",\"@id\":\"https:\/\/rootsandcook.com\/es\/#website\",\"url\":\"https:\/\/rootsandcook.com\/es\/\",\"name\":\"RootsandCook\",\"description\":\"Fresh seasonal recipes and more\",\"publisher\":{\"@id\":\"https:\/\/rootsandcook.com\/es\/#\/schema\/person\/18f44a39b0ae9be87eaea6e475f55041\"},\"potentialAction\":[{\"@type\":\"SearchAction\",\"target\":{\"@type\":\"EntryPoint\",\"urlTemplate\":\"https:\/\/rootsandcook.com\/es\/?s={search_term_string}\"},\"query-input\":{\"@type\":\"PropertyValueSpecification\",\"valueRequired\":true,\"valueName\":\"search_term_string\"}}],\"inLanguage\":\"es-ES\"},{\"@type\":[\"Person\",\"Organization\"],\"@id\":\"https:\/\/rootsandcook.com\/es\/#\/schema\/person\/18f44a39b0ae9be87eaea6e475f55041\",\"name\":\"Enara Parra\",\"image\":{\"@type\":\"ImageObject\",\"inLanguage\":\"es-ES\",\"@id\":\"https:\/\/rootsandcook.com\/es\/#\/schema\/person\/image\/\",\"url\":\"https:\/\/rootsandcook.com\/wp-content\/uploads\/2022\/04\/cropped-rootsandcook-main-web-logo.png\",\"contentUrl\":\"https:\/\/rootsandcook.com\/wp-content\/uploads\/2022\/04\/cropped-rootsandcook-main-web-logo.png\",\"width\":907,\"height\":209,\"caption\":\"Enara Parra\"},\"logo\":{\"@id\":\"https:\/\/rootsandcook.com\/es\/#\/schema\/person\/image\/\"},\"sameAs\":[\"https:\/\/rootsandcook.com\",\"https:\/\/www.facebook.com\/rootsandcook\/\",\"https:\/\/www.instagram.com\/rootsandcook\/\",\"https:\/\/www.pinterest.com\/rootsandcook\/\",\"https:\/\/www.youtube.com\/rootsandcook\"]}]}<\/script>\n<!-- \/ Yoast SEO Premium plugin. -->","yoast_head_json":{"title":"Productos De Temporada En Noviembre - RootsandCook","description":"\u00bfQu\u00e9 est\u00e1 de temporada en Noviembre? Productos de temporada en Noviembre: frutas, verduras y pescados. Incluye recetas para inspirarte.","robots":{"index":"index","follow":"follow","max-snippet":"max-snippet:-1","max-image-preview":"max-image-preview:large","max-video-preview":"max-video-preview:-1"},"canonical":"https:\/\/rootsandcook.com\/es\/productos-de-temporada-en-noviembre\/","og_locale":"es_ES","og_type":"article","og_title":"Productos De Temporada En Noviembre","og_description":"\u00bfQu\u00e9 est\u00e1 de temporada en Noviembre? Productos de temporada en Noviembre: frutas, verduras y pescados. Incluye recetas para inspirarte.","og_url":"https:\/\/rootsandcook.com\/es\/productos-de-temporada-en-noviembre\/","og_site_name":"RootsandCook","article_publisher":"https:\/\/www.facebook.com\/rootsandcook\/","article_author":"https:\/\/www.facebook.com\/rootsandcook\/","article_published_time":"2022-11-01T05:00:00+00:00","article_modified_time":"2023-11-06T12:42:55+00:00","og_image":[{"width":1080,"height":1350,"url":"https:\/\/rootsandcook.com\/wp-content\/uploads\/2022\/11\/NOV-POST_IG-and-WEB.jpg","type":"image\/jpeg"}],"author":"Enara Parra","twitter_card":"summary_large_image","schema":{"@context":"https:\/\/schema.org","@graph":[{"@type":"Article","@id":"https:\/\/rootsandcook.com\/es\/productos-de-temporada-en-noviembre\/#article","isPartOf":{"@id":"https:\/\/rootsandcook.com\/es\/productos-de-temporada-en-noviembre\/"},"author":{"name":"Enara Parra","@id":"https:\/\/rootsandcook.com\/es\/#\/schema\/person\/18f44a39b0ae9be87eaea6e475f55041"},"headline":"Productos De Temporada En Noviembre","datePublished":"2022-11-01T05:00:00+00:00","dateModified":"2023-11-06T12:42:55+00:00","mainEntityOfPage":{"@id":"https:\/\/rootsandcook.com\/es\/productos-de-temporada-en-noviembre\/"},"wordCount":254,"commentCount":0,"publisher":{"@id":"https:\/\/rootsandcook.com\/es\/#\/schema\/person\/18f44a39b0ae9be87eaea6e475f55041"},"image":{"@id":"https:\/\/rootsandcook.com\/es\/productos-de-temporada-en-noviembre\/#primaryimage"},"thumbnailUrl":"https:\/\/rootsandcook.com\/wp-content\/uploads\/2022\/11\/NOV-POST_IG-and-WEB.jpg","keywords":["autumn","autumn","De temporada","frutas","noviembre","oto\u00f1o","pescado","producto de temporada","productos temporada","seasonal veggie","temporada","Verduras"],"articleSection":["Temporada"],"inLanguage":"es-ES","potentialAction":[{"@type":"CommentAction","name":"Comment","target":["https:\/\/rootsandcook.com\/es\/productos-de-temporada-en-noviembre\/#respond"]}]},{"@type":"WebPage","@id":"https:\/\/rootsandcook.com\/es\/productos-de-temporada-en-noviembre\/","url":"https:\/\/rootsandcook.com\/es\/productos-de-temporada-en-noviembre\/","name":"Productos De Temporada En Noviembre - RootsandCook","isPartOf":{"@id":"https:\/\/rootsandcook.com\/es\/#website"},"primaryImageOfPage":{"@id":"https:\/\/rootsandcook.com\/es\/productos-de-temporada-en-noviembre\/#primaryimage"},"image":{"@id":"https:\/\/rootsandcook.com\/es\/productos-de-temporada-en-noviembre\/#primaryimage"},"thumbnailUrl":"https:\/\/rootsandcook.com\/wp-content\/uploads\/2022\/11\/NOV-POST_IG-and-WEB.jpg","datePublished":"2022-11-01T05:00:00+00:00","dateModified":"2023-11-06T12:42:55+00:00","description":"\u00bfQu\u00e9 est\u00e1 de temporada en Noviembre? Productos de temporada en Noviembre: frutas, verduras y pescados. Incluye recetas para inspirarte.","breadcrumb":{"@id":"https:\/\/rootsandcook.com\/es\/productos-de-temporada-en-noviembre\/#breadcrumb"},"inLanguage":"es-ES","potentialAction":[{"@type":"ReadAction","target":["https:\/\/rootsandcook.com\/es\/productos-de-temporada-en-noviembre\/"]}]},{"@type":"ImageObject","inLanguage":"es-ES","@id":"https:\/\/rootsandcook.com\/es\/productos-de-temporada-en-noviembre\/#primaryimage","url":"https:\/\/rootsandcook.com\/wp-content\/uploads\/2022\/11\/NOV-POST_IG-and-WEB.jpg","contentUrl":"https:\/\/rootsandcook.com\/wp-content\/uploads\/2022\/11\/NOV-POST_IG-and-WEB.jpg","width":1080,"height":1350,"caption":"Productos De Temporada En Noviembre-rootsandcook"},{"@type":"BreadcrumbList","@id":"https:\/\/rootsandcook.com\/es\/productos-de-temporada-en-noviembre\/#breadcrumb","itemListElement":[{"@type":"ListItem","position":1,"name":"Home","item":"https:\/\/rootsandcook.com\/es\/"},{"@type":"ListItem","position":2,"name":"Productos De Temporada En Noviembre"}]},{"@type":"WebSite","@id":"https:\/\/rootsandcook.com\/es\/#website","url":"https:\/\/rootsandcook.com\/es\/","name":"RootsandCook","description":"Fresh seasonal recipes and more","publisher":{"@id":"https:\/\/rootsandcook.com\/es\/#\/schema\/person\/18f44a39b0ae9be87eaea6e475f55041"},"potentialAction":[{"@type":"SearchAction","target":{"@type":"EntryPoint","urlTemplate":"https:\/\/rootsandcook.com\/es\/?s={search_term_string}"},"query-input":{"@type":"PropertyValueSpecification","valueRequired":true,"valueName":"search_term_string"}}],"inLanguage":"es-ES"},{"@type":["Person","Organization"],"@id":"https:\/\/rootsandcook.com\/es\/#\/schema\/person\/18f44a39b0ae9be87eaea6e475f55041","name":"Enara Parra","image":{"@type":"ImageObject","inLanguage":"es-ES","@id":"https:\/\/rootsandcook.com\/es\/#\/schema\/person\/image\/","url":"https:\/\/rootsandcook.com\/wp-content\/uploads\/2022\/04\/cropped-rootsandcook-main-web-logo.png","contentUrl":"https:\/\/rootsandcook.com\/wp-content\/uploads\/2022\/04\/cropped-rootsandcook-main-web-logo.png","width":907,"height":209,"caption":"Enara Parra"},"logo":{"@id":"https:\/\/rootsandcook.com\/es\/#\/schema\/person\/image\/"},"sameAs":["https:\/\/rootsandcook.com","https:\/\/www.facebook.com\/rootsandcook\/","https:\/\/www.instagram.com\/rootsandcook\/","https:\/\/www.pinterest.com\/rootsandcook\/","https:\/\/www.youtube.com\/rootsandcook"]}]}},"jetpack_featured_media_url":"https:\/\/rootsandcook.com\/wp-content\/uploads\/2022\/11\/NOV-POST_IG-and-WEB.jpg","jetpack-related-posts":[],"jetpack_sharing_enabled":true,"_links":{"self":[{"href":"https:\/\/rootsandcook.com\/es\/wp-json\/wp\/v2\/posts\/14766","targetHints":{"allow":["GET"]}}],"collection":[{"href":"https:\/\/rootsandcook.com\/es\/wp-json\/wp\/v2\/posts"}],"about":[{"href":"https:\/\/rootsandcook.com\/es\/wp-json\/wp\/v2\/types\/post"}],"author":[{"embeddable":true,"href":"https:\/\/rootsandcook.com\/es\/wp-json\/wp\/v2\/users\/1"}],"replies":[{"embeddable":true,"href":"https:\/\/rootsandcook.com\/es\/wp-json\/wp\/v2\/comments?post=14766"}],"version-history":[{"count":1,"href":"https:\/\/rootsandcook.com\/es\/wp-json\/wp\/v2\/posts\/14766\/revisions"}],"predecessor-version":[{"id":22663,"href":"https:\/\/rootsandcook.com\/es\/wp-json\/wp\/v2\/posts\/14766\/revisions\/22663"}],"wp:featuredmedia":[{"embeddable":true,"href":"https:\/\/rootsandcook.com\/es\/wp-json\/wp\/v2\/media\/20530"}],"wp:attachment":[{"href":"https:\/\/rootsandcook.com\/es\/wp-json\/wp\/v2\/media?parent=14766"}],"wp:term":[{"taxonomy":"category","embeddable":true,"href":"https:\/\/rootsandcook.com\/es\/wp-json\/wp\/v2\/categories?post=14766"},{"taxonomy":"post_tag","embeddable":true,"href":"https:\/\/rootsandcook.com\/es\/wp-json\/wp\/v2\/tags?post=14766"}],"curies":[{"name":"wp","href":"https:\/\/api.w.org\/{rel}","templated":true}]}}